{"id":988,"date":"2019-06-17T09:13:27","date_gmt":"2019-06-17T09:13:27","guid":{"rendered":"https:\/\/www.afandecor.es\/?p=988"},"modified":"2023-06-08T10:33:45","modified_gmt":"2023-06-08T10:33:45","slug":"reforma-tu-oficina-o-local-con-afandecor","status":"publish","type":"post","link":"https:\/\/www.afandecor.es\/fr\/2019\/06\/17\/reforma-tu-oficina-o-local-con-afandecor\/","title":{"rendered":"<p style=\"text-align: center; font-size: 33px; line-height: 28px;\">Qu\u2019attendez-vous pour transformer votre lieu de travail en ce que vous avez toujours imagin\u00e9 ?<\/p>"},"content":{"rendered":"<p>Qui n&#039;aimerait pas travailler dans un <strong>beau bureau<\/strong>, <strong>confortable<\/strong>, <strong>pratique<\/strong> et avec <strong>personnalit\u00e9<\/strong>? Chez Afandecor, nous travaillons pour faire de votre lieu de travail un espace unique, avec <strong>conceptions personnalis\u00e9es <\/strong>de vos besoins et de l&#039;espace disponible.<\/p>\n<p>Nous croyons fermement que la conception d&#039;un bureau est la <strong>meilleure lettre de motivation<\/strong> et la premi\u00e8re image que nous prennent les nouveaux clients, car elle leur permet de se faire une id\u00e9e mentale de ce qu&#039;ils trouveront dans notre entreprise. De plus, un lieu de travail convenable se traduit par <strong>des travailleurs satisfaits<\/strong>. Il est prouv\u00e9 que travailler dans un endroit agr\u00e9able am\u00e9liore consid\u00e9rablement la productivit\u00e9. Chez Afandecor, nous pouvons transformer votre bureau en un espace inspirant <strong>cr\u00e9ativit\u00e9 et collaboration.<\/strong><\/p>\n<p>Notre d\u00e9partement de design et d&#039;am\u00e9nagement int\u00e9rieur \u00e9tudiera votre cas et vous proposera diff\u00e9rentes options... Vous souhaitez opter pour <strong>espaces ouverts<\/strong> am\u00e9liorer la communication entre les diff\u00e9rents services de l&#039;entreprise ? Et une <strong>salle de r\u00e9unions<\/strong> pour avoir plus d&#039;intimit\u00e9 ? Et que penses-tu de certains <strong>cloisons mi-hauteur<\/strong> diviser les espaces sans arr\u00eater le passage de la lumi\u00e8re ? Avec Afandecor, vous pouvez d\u00e9cider en fonction de vos objectifs et de vos besoins.<\/p>\n<p>L\u2019\u00e9clairage est un autre point cl\u00e9 \u00e0 prendre en compte lors de l\u2019am\u00e9nagement de votre bureau. Nous \u00e9tudierons le <strong>lumi\u00e8re naturelle<\/strong>, le <strong>\u00e9clairages indirects possibles<\/strong>, le placement du <strong>aires de travail et de repos<\/strong>\u2026et nous r\u00e9aliserons un projet adapt\u00e9 \u00e0 vos besoins, en tenant compte de la r\u00e9glementation et de la pr\u00e9vention des risques professionnels. La <strong>lumi\u00e8re <\/strong>et le <strong>couleur <\/strong>Ils apportent des bienfaits \u00e0 notre cerveau. Nous ne souhaitons pas que votre bureau soit criard ou multicolore, nous vous sugg\u00e9rons d&#039;utiliser le <strong>colorer strat\u00e9giquement<\/strong> que ce soit sur les murs ou sur les meubles.<\/p>\n<p>Qu\u2019attendez-vous pour transformer votre lieu de travail en ce que vous avez toujours imagin\u00e9 ? <strong>Nous vous aidons \u00e0 l&#039;obtenir !<\/strong><\/p>","protected":false},"excerpt":{"rendered":"<p>\u00bfA qui\u00e9n no le gustar\u00eda trabajar en una oficina agradable, c\u00f3moda, pr\u00e1ctica y con personalidad? En Afandecor, trabajamos para hacer de su lugar de trabajo un<span class=\"excerpt-hellip\"> [\u2026]<\/span><\/p>\n","protected":false},"author":9,"featured_media":989,"comment_status":"open","ping_status":"open","sticky":false,"template":"","format":"image","meta":{"footnotes":""},"categories":[20],"tags":[],"class_list":["post-988","post","type-post","status-publish","format-image","has-post-thumbnail","hentry","category-reformas","post_format-post-format-image"],"_links":{"self":[{"href":"https:\/\/www.afandecor.es\/fr\/wp-json\/wp\/v2\/posts\/988","targetHints":{"allow":["GET"]}}],"collection":[{"href":"https:\/\/www.afandecor.es\/fr\/wp-json\/wp\/v2\/posts"}],"about":[{"href":"https:\/\/www.afandecor.es\/fr\/wp-json\/wp\/v2\/types\/post"}],"author":[{"embeddable":true,"href":"https:\/\/www.afandecor.es\/fr\/wp-json\/wp\/v2\/users\/9"}],"replies":[{"embeddable":true,"href":"https:\/\/www.afandecor.es\/fr\/wp-json\/wp\/v2\/comments?post=988"}],"version-history":[{"count":2,"href":"https:\/\/www.afandecor.es\/fr\/wp-json\/wp\/v2\/posts\/988\/revisions"}],"predecessor-version":[{"id":991,"href":"https:\/\/www.afandecor.es\/fr\/wp-json\/wp\/v2\/posts\/988\/revisions\/991"}],"wp:featuredmedia":[{"embeddable":true,"href":"https:\/\/www.afandecor.es\/fr\/wp-json\/wp\/v2\/media\/989"}],"wp:attachment":[{"href":"https:\/\/www.afandecor.es\/fr\/wp-json\/wp\/v2\/media?parent=988"}],"wp:term":[{"taxonomy":"category","embeddable":true,"href":"https:\/\/www.afandecor.es\/fr\/wp-json\/wp\/v2\/categories?post=988"},{"taxonomy":"post_tag","embeddable":true,"href":"https:\/\/www.afandecor.es\/fr\/wp-json\/wp\/v2\/tags?post=988"}],"curies":[{"name":"wp","href":"https:\/\/api.w.org\/{rel}","templated":true}]}}