{"id":971,"date":"2019-05-10T15:29:14","date_gmt":"2019-05-10T15:29:14","guid":{"rendered":"https:\/\/www.afandecor.es\/?p=971"},"modified":"2023-06-08T10:34:46","modified_gmt":"2023-06-08T10:34:46","slug":"16-anos-creando-hogares-con-luz","status":"publish","type":"post","link":"https:\/\/www.afandecor.es\/fr\/2019\/05\/10\/16-anos-creando-hogares-con-luz\/","title":{"rendered":"<p style=\"text-align: center; font-size: 33px; line-height: 28px;\">16 ans \u00e0 cr\u00e9er des MAISONS avec lumi\u00e8re<\/p>"},"content":{"rendered":"<p><strong>Cette semaine, nous c\u00e9l\u00e9brons notre anniversaire !<\/strong> Afandecor f\u00eate ses 16 ans et tout cela n&#039;aurait pas \u00e9t\u00e9 possible sans votre confiance.<\/p>\n<p>Jour apr\u00e8s jour, notre \u00e9quipe de professionnels continue de travailler pour r\u00e9pondre aux attentes que vous avez pour votre maison. Votre satisfaction continue d&#039;\u00eatre la chose la plus importante pour nous et notre meilleure r\u00e9compense est que vous continuiez &quot;<strong>je parle tr\u00e8s bien de nous<\/strong>\u00bb.<\/p>\n<p>Nous promettons de continuer \u00e0 g\u00e9rer l\u2019industrie de la construction, de la fen\u00eatre et du gaz d\u2019une mani\u00e8re diff\u00e9rente ; continuer \u00e0 offrir le <strong>meilleures qualit\u00e9s du secteur<\/strong> et gardons notre <strong>service de qualit\u00e9 et garantie<\/strong>.<\/p>\n<p><strong>Merci pour toutes ces ann\u00e9es !<\/strong><\/p>","protected":false},"excerpt":{"rendered":"<p>\u00a1Esta semana estamos de aniversario! Afandecor cumple 16 a\u00f1os y todo esto no hubiera sido posible sin vuestra confianza. D\u00eda a d\u00eda, nuestro equipo de profesionales<span class=\"excerpt-hellip\"> [\u2026]<\/span><\/p>\n","protected":false},"author":9,"featured_media":973,"comment_status":"open","ping_status":"open","sticky":false,"template":"","format":"image","meta":{"footnotes":""},"categories":[20,19],"tags":[],"class_list":["post-971","post","type-post","status-publish","format-image","has-post-thumbnail","hentry","category-reformas","category-ventanas","post_format-post-format-image"],"_links":{"self":[{"href":"https:\/\/www.afandecor.es\/fr\/wp-json\/wp\/v2\/posts\/971","targetHints":{"allow":["GET"]}}],"collection":[{"href":"https:\/\/www.afandecor.es\/fr\/wp-json\/wp\/v2\/posts"}],"about":[{"href":"https:\/\/www.afandecor.es\/fr\/wp-json\/wp\/v2\/types\/post"}],"author":[{"embeddable":true,"href":"https:\/\/www.afandecor.es\/fr\/wp-json\/wp\/v2\/users\/9"}],"replies":[{"embeddable":true,"href":"https:\/\/www.afandecor.es\/fr\/wp-json\/wp\/v2\/comments?post=971"}],"version-history":[{"count":1,"href":"https:\/\/www.afandecor.es\/fr\/wp-json\/wp\/v2\/posts\/971\/revisions"}],"predecessor-version":[{"id":972,"href":"https:\/\/www.afandecor.es\/fr\/wp-json\/wp\/v2\/posts\/971\/revisions\/972"}],"wp:featuredmedia":[{"embeddable":true,"href":"https:\/\/www.afandecor.es\/fr\/wp-json\/wp\/v2\/media\/973"}],"wp:attachment":[{"href":"https:\/\/www.afandecor.es\/fr\/wp-json\/wp\/v2\/media?parent=971"}],"wp:term":[{"taxonomy":"category","embeddable":true,"href":"https:\/\/www.afandecor.es\/fr\/wp-json\/wp\/v2\/categories?post=971"},{"taxonomy":"post_tag","embeddable":true,"href":"https:\/\/www.afandecor.es\/fr\/wp-json\/wp\/v2\/tags?post=971"}],"curies":[{"name":"wp","href":"https:\/\/api.w.org\/{rel}","templated":true}]}}