{"id":877,"date":"2019-02-19T12:50:16","date_gmt":"2019-02-19T12:50:16","guid":{"rendered":"https:\/\/www.afandecor.es\/?p=877"},"modified":"2023-06-08T10:35:06","modified_gmt":"2023-06-08T10:35:06","slug":"maria-mercedes-teniamos-que-guardar-la-estetica-del-edificio-y-afandecor-se-encargo-de-todo","status":"publish","type":"post","link":"https:\/\/www.afandecor.es\/fr\/2019\/02\/19\/maria-mercedes-teniamos-que-guardar-la-estetica-del-edificio-y-afandecor-se-encargo-de-todo\/","title":{"rendered":"<p style=\"text-align: center; font-size: 33px; line-height: 28px;\">Mar\u00eda Mercedes : \u00ab Nous devions conserver l&#039;esth\u00e9tique du b\u00e2timent et Afandecor s&#039;est occup\u00e9 de tout \u00bb<\/p>"},"content":{"rendered":"<p style=\"text-align: center;\">Chez Afandecor, nous continuons \u00e0 travailler pour satisfaire tous vos besoins et <strong>vous guider dans le choix des mat\u00e9riaux et des syst\u00e8mes pour votre maison.<\/strong><\/p>\n<p style=\"text-align: center;\">Aujourd&#039;hui, nous nous d\u00e9pla\u00e7ons \u00e0 Tres Olivos pour vous montrer un <strong>nouvelle histoire de r\u00e9ussite<\/strong> lors de l&#039;ex\u00e9cution d&#039;un <strong>Projet complet de remplacement de fen\u00eatres<\/strong>. La propri\u00e9taire de cette maison, Mar\u00eda Mercedes, a chang\u00e9 toutes les fen\u00eatres de sa maison dans le but d&#039;obtenir un <strong>meilleure isolation thermique et acoustique<\/strong>, en plus d&#039;am\u00e9liorer votre <strong>esth\u00e9tique et praticit\u00e9<\/strong>.<\/p>\n<p style=\"text-align: center;\">Au total, Afandecor a fabriqu\u00e9 et install\u00e9 un total de cinq fen\u00eatres oscillo-battantes dans les diff\u00e9rentes pi\u00e8ces de la maison, une porte de sortie vers le balcon de la pi\u00e8ce principale et une porte oscillo-battante vers la terrasse. Tout cela sous un seul <strong>Profil\u00e9s PVC et verre \u00e0 double vitrage<\/strong>: <em>\u00ab La maison avait des doubles fen\u00eatres coulissantes lorsque nous l&#039;avons achet\u00e9e. C&#039;\u00e9tait un peu inconfortable et n&#039;isolait pas bien. \u00ab Nous avons d\u00e9cid\u00e9 de r\u00e9aliser ce projet global dans toute la maison pour am\u00e9liorer son confort. \u00bb<\/em>Mercedes a avou\u00e9.<\/p>\n<p style=\"text-align: center;\"><img loading=\"lazy\" decoding=\"async\" class=\"wp-image-879 aligncenter\" src=\"https:\/\/www.afandecor.es\/wp-content\/uploads\/2019\/02\/WhatsApp-Image-2019-02-04-at-15.58.114-300x262.jpeg\" alt=\"\" width=\"406\" height=\"355\" srcset=\"https:\/\/www.afandecor.es\/wp-content\/uploads\/2019\/02\/WhatsApp-Image-2019-02-04-at-15.58.114-300x262.jpeg 300w, https:\/\/www.afandecor.es\/wp-content\/uploads\/2019\/02\/WhatsApp-Image-2019-02-04-at-15.58.114-167x146.jpeg 167w, https:\/\/www.afandecor.es\/wp-content\/uploads\/2019\/02\/WhatsApp-Image-2019-02-04-at-15.58.114-50x44.jpeg 50w, https:\/\/www.afandecor.es\/wp-content\/uploads\/2019\/02\/WhatsApp-Image-2019-02-04-at-15.58.114-86x75.jpeg 86w, https:\/\/www.afandecor.es\/wp-content\/uploads\/2019\/02\/WhatsApp-Image-2019-02-04-at-15.58.114.jpeg 748w\" sizes=\"auto, (max-width: 406px) 100vw, 406px\" \/><\/p>\n<p style=\"text-align: center;\">Lors de la r\u00e9alisation du projet, notre \u00e9quipe s&#039;est adapt\u00e9e aux besoins de ce client qui devait <strong>pr\u00e9server l&#039;esth\u00e9tique du b\u00e2timent<\/strong>: <em>&quot;Nous ne pouvions choisir qu&#039;un cristal qui avait <strong>traitement r\u00e9flexe<\/strong> puisque tous les \u00e9tages du b\u00e2timent conservent cette caract\u00e9ristique afin qu&#039;un effet miroir soit visible de l&#039;ext\u00e9rieur. C&#039;\u00e9tait une condition fondamentale pour r\u00e9aliser le projet et le vendeur \u00c1ngel s&#039;est occup\u00e9 de tout. <strong>Il a cherch\u00e9 le bon verre et nous a guid\u00e9 tout au long du processus.<\/strong>\u00bb<\/em>.<\/p>\n<p style=\"text-align: center;\"><img loading=\"lazy\" decoding=\"async\" class=\"alignnone  wp-image-880 aligncenter\" src=\"https:\/\/www.afandecor.es\/wp-content\/uploads\/2019\/02\/DSC2608-300x213.jpg\" alt=\"\" width=\"415\" height=\"295\" srcset=\"https:\/\/www.afandecor.es\/wp-content\/uploads\/2019\/02\/DSC2608-300x213.jpg 300w, https:\/\/www.afandecor.es\/wp-content\/uploads\/2019\/02\/DSC2608-768x547.jpg 768w, https:\/\/www.afandecor.es\/wp-content\/uploads\/2019\/02\/DSC2608-1024x729.jpg 1024w, https:\/\/www.afandecor.es\/wp-content\/uploads\/2019\/02\/DSC2608-205x146.jpg 205w, https:\/\/www.afandecor.es\/wp-content\/uploads\/2019\/02\/DSC2608-50x36.jpg 50w, https:\/\/www.afandecor.es\/wp-content\/uploads\/2019\/02\/DSC2608-105x75.jpg 105w\" sizes=\"auto, (max-width: 415px) 100vw, 415px\" \/><\/p>\n<p style=\"text-align: center;\">Une fois les travaux termin\u00e9s, Mercedes a avou\u00e9 \u00eatre <strong>satisfait<\/strong> avec attention, installation et service apr\u00e8s-vente : <em>\u00ab Quand j&#039;ai eu besoin d&#039;une retouche, le <strong>l&#039;\u00e9quipement technique<\/strong> de Afandecor toujours <strong>a r\u00e9pondu efficacement<\/strong>\u00bb. Ce client a m\u00eame reconnu que <strong>Il nous a recommand\u00e9 aux voisins de l&#039;immeuble<\/strong>: &quot;Une fois les travaux termin\u00e9s, un voisin est mont\u00e9 voir le r\u00e9sultat final car il voulait faire un projet similaire dans sa maison et il a \u00e9t\u00e9 imm\u00e9diatement convaincu&quot;<\/em>.<\/p>\n<p style=\"text-align: center;\"><strong>Merci de nous faire confiance !<\/strong><\/p>","protected":false},"excerpt":{"rendered":"<p>En Afandecor seguimos trabajando para satisfacer todas vuestras necesidades y orientaros en la elecci\u00f3n de materiales y sistemas para vuestro hogar. Hoy nos trasladamos a Tres<span class=\"excerpt-hellip\"> [\u2026]<\/span><\/p>\n","protected":false},"author":9,"featured_media":878,"comment_status":"open","ping_status":"open","sticky":false,"template":"","format":"image","meta":{"footnotes":""},"categories":[20],"tags":[],"class_list":["post-877","post","type-post","status-publish","format-image","has-post-thumbnail","hentry","category-reformas","post_format-post-format-image"],"_links":{"self":[{"href":"https:\/\/www.afandecor.es\/fr\/wp-json\/wp\/v2\/posts\/877","targetHints":{"allow":["GET"]}}],"collection":[{"href":"https:\/\/www.afandecor.es\/fr\/wp-json\/wp\/v2\/posts"}],"about":[{"href":"https:\/\/www.afandecor.es\/fr\/wp-json\/wp\/v2\/types\/post"}],"author":[{"embeddable":true,"href":"https:\/\/www.afandecor.es\/fr\/wp-json\/wp\/v2\/users\/9"}],"replies":[{"embeddable":true,"href":"https:\/\/www.afandecor.es\/fr\/wp-json\/wp\/v2\/comments?post=877"}],"version-history":[{"count":3,"href":"https:\/\/www.afandecor.es\/fr\/wp-json\/wp\/v2\/posts\/877\/revisions"}],"predecessor-version":[{"id":2285,"href":"https:\/\/www.afandecor.es\/fr\/wp-json\/wp\/v2\/posts\/877\/revisions\/2285"}],"wp:featuredmedia":[{"embeddable":true,"href":"https:\/\/www.afandecor.es\/fr\/wp-json\/wp\/v2\/media\/878"}],"wp:attachment":[{"href":"https:\/\/www.afandecor.es\/fr\/wp-json\/wp\/v2\/media?parent=877"}],"wp:term":[{"taxonomy":"category","embeddable":true,"href":"https:\/\/www.afandecor.es\/fr\/wp-json\/wp\/v2\/categories?post=877"},{"taxonomy":"post_tag","embeddable":true,"href":"https:\/\/www.afandecor.es\/fr\/wp-json\/wp\/v2\/tags?post=877"}],"curies":[{"name":"wp","href":"https:\/\/api.w.org\/{rel}","templated":true}]}}