{"id":870,"date":"2019-02-14T10:16:33","date_gmt":"2019-02-14T10:16:33","guid":{"rendered":"https:\/\/www.afandecor.es\/?p=870"},"modified":"2023-06-08T10:35:18","modified_gmt":"2023-06-08T10:35:18","slug":"estos-son-los-motivos-mas-importantes-por-los-que-tienes-que-reformar-tu-casa","status":"publish","type":"post","link":"https:\/\/www.afandecor.es\/fr\/2019\/02\/14\/estos-son-los-motivos-mas-importantes-por-los-que-tienes-que-reformar-tu-casa\/","title":{"rendered":"<p style=\"text-align: center; font-size: 33px; line-height: 28px;\">Ce sont les raisons les plus importantes pour lesquelles vous devez r\u00e9nover votre maison<\/p>"},"content":{"rendered":"<p style=\"text-align: center;\">Selon Le Corbusier, l\u2019un des plus grands repr\u00e9sentants de l\u2019architecture moderne, \u00ab<strong>une maison doit \u00eatre l&#039;\u00e9crin de la vie, la machine du bonheur<\/strong>\u00bb. Comme cet architecte fran\u00e7ais du XXe si\u00e8cle avait raison ! Vous ne pensez pas?<\/p>\n<p style=\"text-align: center;\">Apr\u00e8s une journ\u00e9e de travail bien remplie et \u00e9puisante, nous m\u00e9ritons d&#039;avoir un <strong>espace de confort<\/strong> pour nous d\u00e9tendre, nous reposer et d\u00e9velopper nos loisirs. Notre maison est synonyme de <strong>confiance et s\u00e9curit\u00e9<\/strong>, il est donc important de prendre soin du moindre d\u00e9tail.<\/p>\n<p style=\"text-align: center;\">Au fil du temps, il est normal qu&#039;il soit n\u00e9cessaire d&#039;introduire de petits changements dans nos maisons pour y aller <strong>l&#039;adapter \u00e0 nos go\u00fbts et \u00e0 la vie moderne<\/strong>. Chacun peut avoir un objectif \u2013 faire peau neuve, gagner des m\u00e8tres utiles pour la maison, \u00e9conomiser ou revaloriser l&#039;espace \u2013 mais l&#039;important est que le r\u00e9sultat final soit \u00e0 la hauteur de nos attentes. <strong>attentes<\/strong> sur ce que nous entendons par \u00ab maison \u00bb.<\/p>\n<p style=\"text-align: center;\"><strong>UNE QUESTION DE D\u00c9TAILS<\/strong><\/p>\n<p style=\"text-align: center;\"><img loading=\"lazy\" decoding=\"async\" class=\"size-medium wp-image-872 aligncenter\" src=\"https:\/\/www.afandecor.es\/wp-content\/uploads\/2019\/02\/DSC2628-300x199.jpg\" alt=\"\" width=\"300\" height=\"199\" srcset=\"https:\/\/www.afandecor.es\/wp-content\/uploads\/2019\/02\/DSC2628-300x199.jpg 300w, https:\/\/www.afandecor.es\/wp-content\/uploads\/2019\/02\/DSC2628-768x511.jpg 768w, https:\/\/www.afandecor.es\/wp-content\/uploads\/2019\/02\/DSC2628-1024x681.jpg 1024w, https:\/\/www.afandecor.es\/wp-content\/uploads\/2019\/02\/DSC2628-220x146.jpg 220w, https:\/\/www.afandecor.es\/wp-content\/uploads\/2019\/02\/DSC2628-50x33.jpg 50w, https:\/\/www.afandecor.es\/wp-content\/uploads\/2019\/02\/DSC2628-113x75.jpg 113w\" sizes=\"auto, (max-width: 300px) 100vw, 300px\" \/><\/p>\n<p style=\"text-align: center;\">Nos go\u00fbts et nos besoins peuvent varier au fil des ann\u00e9es. UN <strong>changement de sol<\/strong> ou la couleur des murs, un <strong>remplacement des vieilles fen\u00eatres<\/strong> obtenir plus de luminosit\u00e9 ou opter pour de nouveaux mat\u00e9riaux d\u00e9coratifs, celles-ci peuvent \u00eatre des options \u00e0 prendre en compte si l&#039;on ne souhaite pas r\u00e9aliser un projet global.<\/p>\n<p style=\"text-align: center;\">Tu peux \u00eatre tranquille! Si vous vous confiez \u00e0 nous, l&#039;\u00e9quipe d&#039;Afandecor vous conseillera tout au long du processus, vous offrant \u00e9galement le <strong>les options les plus avant-gardistes du march\u00e9<\/strong>. Un exemple clair est la construction selon la technique de <strong>b\u00e9ton cir\u00e9<\/strong>; un mat\u00e9riau ductile, r\u00e9sistant \u00e0 l&#039;eau et aux temp\u00e9ratures \u00e9lev\u00e9es, tr\u00e8s facile d&#039;entretien et qui r\u00e9volutionne le <strong>derni\u00e8res tendances d\u00e9co.<\/strong><\/p>\n<p style=\"text-align: center;\"><strong>DE L&#039;ESPACE, DE L&#039;ESPACE ET PLUS D&#039;ESPACE <\/strong><\/p>\n<p style=\"text-align: center;\"><img loading=\"lazy\" decoding=\"async\" class=\"size-medium wp-image-704 aligncenter\" src=\"https:\/\/www.afandecor.es\/wp-content\/uploads\/2018\/12\/Fotos-nuevas-Galeria-6-300x228.jpg\" alt=\"\" width=\"300\" height=\"228\" srcset=\"https:\/\/www.afandecor.es\/wp-content\/uploads\/2018\/12\/Fotos-nuevas-Galeria-6-300x228.jpg 300w, https:\/\/www.afandecor.es\/wp-content\/uploads\/2018\/12\/Fotos-nuevas-Galeria-6-768x583.jpg 768w, https:\/\/www.afandecor.es\/wp-content\/uploads\/2018\/12\/Fotos-nuevas-Galeria-6-192x146.jpg 192w, https:\/\/www.afandecor.es\/wp-content\/uploads\/2018\/12\/Fotos-nuevas-Galeria-6-50x38.jpg 50w, https:\/\/www.afandecor.es\/wp-content\/uploads\/2018\/12\/Fotos-nuevas-Galeria-6-99x75.jpg 99w, https:\/\/www.afandecor.es\/wp-content\/uploads\/2018\/12\/Fotos-nuevas-Galeria-6.jpg 835w\" sizes=\"auto, (max-width: 300px) 100vw, 300px\" \/><\/p>\n<p style=\"text-align: center;\">Vous souhaitez apporter un changement radical \u00e0 votre maison et disposer de plus d&#039;espace de vie pour le plaisir de votre famille ? Les <strong>abris pour terrasses, greniers et porches<\/strong> Ce sont des options tr\u00e8s valables pour atteindre cet objectif. Chez Afandecor nous sommes sp\u00e9cialistes de ce type de travaux !<\/p>\n<p style=\"text-align: center;\">D&#039;un autre c\u00f4t\u00e9, vous pouvez <strong>varier la r\u00e9partition des diff\u00e9rentes pi\u00e8ces<\/strong> de votre maison. Se passer d&#039;une chambre pour donner plus d&#039;espace \u00e0 la maison, int\u00e9grer un grand dressing dans la chambre double comme vous en avez toujours r\u00eav\u00e9 ou inclure la corde \u00e0 linge dans la cuisine, sont des options qui vous permettent de profiter des espaces et <strong>maximiser les compteurs utiles de la maison<\/strong> selon vos go\u00fbts et vos besoins.<\/p>\n<p style=\"text-align: center;\"><strong>BONNE ISOLATION : DES \u00c9CONOMIES S\u00c9CURIS\u00c9ES<\/strong><\/p>\n<p style=\"text-align: center;\"><img loading=\"lazy\" decoding=\"async\" class=\"size-medium wp-image-725 aligncenter\" src=\"https:\/\/www.afandecor.es\/wp-content\/uploads\/2018\/12\/Fotos-nuevas-Galeria-2-300x228.jpg\" alt=\"\" width=\"300\" height=\"228\" srcset=\"https:\/\/www.afandecor.es\/wp-content\/uploads\/2018\/12\/Fotos-nuevas-Galeria-2-300x228.jpg 300w, https:\/\/www.afandecor.es\/wp-content\/uploads\/2018\/12\/Fotos-nuevas-Galeria-2-768x583.jpg 768w, https:\/\/www.afandecor.es\/wp-content\/uploads\/2018\/12\/Fotos-nuevas-Galeria-2-192x146.jpg 192w, https:\/\/www.afandecor.es\/wp-content\/uploads\/2018\/12\/Fotos-nuevas-Galeria-2-50x38.jpg 50w, https:\/\/www.afandecor.es\/wp-content\/uploads\/2018\/12\/Fotos-nuevas-Galeria-2-99x75.jpg 99w, https:\/\/www.afandecor.es\/wp-content\/uploads\/2018\/12\/Fotos-nuevas-Galeria-2.jpg 835w\" sizes=\"auto, (max-width: 300px) 100vw, 300px\" \/><\/p>\n<p style=\"text-align: center;\">L&#039;installation de <strong>fen\u00eatres isol\u00e9es<\/strong> dans votre maison peut repr\u00e9senter un grand saut de qualit\u00e9 pour <strong>votre confort, votre porte-monnaie et l&#039;environnement<\/strong>. Les innovations du secteur offrent des profil\u00e9s et des verres de haute qualit\u00e9 qui nous prot\u00e8gent du froid et de la chaleur. Chez Afandecor <strong>nous travaillons avec des marques leaders<\/strong> en profil\u00e9s PVC et aluminium, ainsi qu&#039;en ce qui concerne le verre. Notre objectif est de vous offrir un portefeuille de produits large et de qualit\u00e9 !<\/p>\n<p style=\"text-align: center;\">Cette mesure, de m\u00eame que le remplacement des anciens \u00e9lectrom\u00e9nagers et l&#039;installation de syst\u00e8mes de climatisation performants, sont d&#039;autres actions \u00e0 prendre en compte que vous appr\u00e9cierez au fil du temps.<\/p>\n<p style=\"text-align: center;\">Toute am\u00e9lioration ajoutera plus de valeur \u00e0 votre maison, pas seulement pour vous ou votre famille... Si dans quelques ann\u00e9es vous envisagez de la mettre en vente, le futur propri\u00e9taire b\u00e9n\u00e9ficiera de plus d&#039;avantages qui influenceront la d\u00e9cision finale. <strong>Ce qui semble \u00e0 premi\u00e8re vue \u00eatre une d\u00e9pense est en r\u00e9alit\u00e9 un excellent investissement.<\/strong><\/p>\n<p style=\"text-align: center;\">Chez Afandecor, nous avons \u00e9t\u00e9 <strong>g\u00e9rer autrement l\u2019industrie du b\u00e2timent, des fen\u00eatres et du gaz<\/strong>. La satisfaction de nos clients est notre meilleure garantie de qualit\u00e9. Ils continuent de certifier la devise selon laquelle nous travaillons chaque jour : \u00ab<strong>je parlerai tr\u00e8s bien de nous<\/strong>\u00bb.<\/p>\n<p style=\"text-align: center;\">Si vous envisagez d&#039;effectuer un changement dans votre maison, n&#039;h\u00e9sitez pas \u00e0 contacter notre \u00e9quipe de professionnels en appelant <em>911 41 35 08<\/em>. Ils vous donneront un <strong>budget sans engagement et adapt\u00e9 \u00e0 vos pr\u00e9f\u00e9rences<\/strong>!<\/p>","protected":false},"excerpt":{"rendered":"<p>Seg\u00fan Le Corbusier, uno de los m\u00e1ximos exponentes de la arquitectura moderna, \u201cuna casa debe ser el estuche de la vida, la m\u00e1quina de la felicidad\u201d.<span class=\"excerpt-hellip\"> [\u2026]<\/span><\/p>\n","protected":false},"author":9,"featured_media":607,"comment_status":"open","ping_status":"open","sticky":false,"template":"","format":"image","meta":{"footnotes":""},"categories":[20],"tags":[],"class_list":["post-870","post","type-post","status-publish","format-image","has-post-thumbnail","hentry","category-reformas","post_format-post-format-image"],"_links":{"self":[{"href":"https:\/\/www.afandecor.es\/fr\/wp-json\/wp\/v2\/posts\/870","targetHints":{"allow":["GET"]}}],"collection":[{"href":"https:\/\/www.afandecor.es\/fr\/wp-json\/wp\/v2\/posts"}],"about":[{"href":"https:\/\/www.afandecor.es\/fr\/wp-json\/wp\/v2\/types\/post"}],"author":[{"embeddable":true,"href":"https:\/\/www.afandecor.es\/fr\/wp-json\/wp\/v2\/users\/9"}],"replies":[{"embeddable":true,"href":"https:\/\/www.afandecor.es\/fr\/wp-json\/wp\/v2\/comments?post=870"}],"version-history":[{"count":5,"href":"https:\/\/www.afandecor.es\/fr\/wp-json\/wp\/v2\/posts\/870\/revisions"}],"predecessor-version":[{"id":2286,"href":"https:\/\/www.afandecor.es\/fr\/wp-json\/wp\/v2\/posts\/870\/revisions\/2286"}],"wp:featuredmedia":[{"embeddable":true,"href":"https:\/\/www.afandecor.es\/fr\/wp-json\/wp\/v2\/media\/607"}],"wp:attachment":[{"href":"https:\/\/www.afandecor.es\/fr\/wp-json\/wp\/v2\/media?parent=870"}],"wp:term":[{"taxonomy":"category","embeddable":true,"href":"https:\/\/www.afandecor.es\/fr\/wp-json\/wp\/v2\/categories?post=870"},{"taxonomy":"post_tag","embeddable":true,"href":"https:\/\/www.afandecor.es\/fr\/wp-json\/wp\/v2\/tags?post=870"}],"curies":[{"name":"wp","href":"https:\/\/api.w.org\/{rel}","templated":true}]}}