{"id":850,"date":"2019-01-30T15:30:26","date_gmt":"2019-01-30T15:30:26","guid":{"rendered":"https:\/\/www.afandecor.es\/?p=850"},"modified":"2023-06-08T10:35:23","modified_gmt":"2023-06-08T10:35:23","slug":"cliente-satisfecho-incluso-antes-de-estar-todo-terminado-alucinamos-por-como-estabais-cambiando-nuestra-casa","status":"publish","type":"post","link":"https:\/\/www.afandecor.es\/fr\/2019\/01\/30\/cliente-satisfecho-incluso-antes-de-estar-todo-terminado-alucinamos-por-como-estabais-cambiando-nuestra-casa\/","title":{"rendered":"<p style=\"text-align: center; font-size: 33px; line-height: 28px;\">David et Susana: \u00abAvant m\u00eame que tout soit termin\u00e9, nous \u00e9tions \u00e9tonn\u00e9s par la fa\u00e7on dont vous transformiez notre maison\u00bb<\/p>"},"content":{"rendered":"<p>Chez Afandecor, nous r\u00e9alisons non seulement le projet que vous souhaitez pour votre maison, nous <strong>nous conseillons<\/strong> afin que vous puissiez choisir la meilleure option en fonction de vos objectifs. Notre \u00e9quipe de professionnels <strong>traduisez toutes vos id\u00e9es en r\u00e9alit\u00e9<\/strong> comme nous le montrons dans cette nouvelle success story.<\/p>\n<p>Aujourd&#039;hui, nous nous d\u00e9pla\u00e7ons au sud de Madrid pour pr\u00e9senter le <strong>belle transformation de ce grenier<\/strong>. Ses propri\u00e9taires, David et Susana, voulaient <strong>gagner des compteurs utiles \u00e0 la maison<\/strong> et d\u00e8s le premier instant, ils se sont remis \u00e0 l&#039;\u00e9quipe Afandecor. <em>\u00ab Nous avons demand\u00e9 des devis \u00e0 plusieurs entreprises et vous avez \u00e9t\u00e9 les derniers \u00e0 appeler. <strong>Lorsque vous \u00eates venu mesurer et nous donner le budget, vous nous avez imm\u00e9diatement convaincus.<\/strong> &quot;Vous nous avez donn\u00e9 des id\u00e9es que d&#039;autres entreprises ne pouvaient pas faire et vous avez toujours recommand\u00e9 le meilleur pour la maison&quot;<\/em>, a expliqu\u00e9 le couple.<\/p>\n<p style=\"text-align: center;\"><img loading=\"lazy\" decoding=\"async\" class=\"alignnone size-medium wp-image-852\" src=\"https:\/\/www.afandecor.es\/wp-content\/uploads\/2019\/01\/DSC2671-300x199.jpg\" alt=\"\" width=\"300\" height=\"199\" srcset=\"https:\/\/www.afandecor.es\/wp-content\/uploads\/2019\/01\/DSC2671-300x199.jpg 300w, https:\/\/www.afandecor.es\/wp-content\/uploads\/2019\/01\/DSC2671-768x511.jpg 768w, https:\/\/www.afandecor.es\/wp-content\/uploads\/2019\/01\/DSC2671-1024x681.jpg 1024w, https:\/\/www.afandecor.es\/wp-content\/uploads\/2019\/01\/DSC2671-220x146.jpg 220w, https:\/\/www.afandecor.es\/wp-content\/uploads\/2019\/01\/DSC2671-50x33.jpg 50w, https:\/\/www.afandecor.es\/wp-content\/uploads\/2019\/01\/DSC2671-113x75.jpg 113w\" sizes=\"auto, (max-width: 300px) 100vw, 300px\" \/> <img loading=\"lazy\" decoding=\"async\" class=\"alignnone size-medium wp-image-853\" src=\"https:\/\/www.afandecor.es\/wp-content\/uploads\/2019\/01\/DSC26122-300x137.jpg\" alt=\"\" width=\"300\" height=\"137\" srcset=\"https:\/\/www.afandecor.es\/wp-content\/uploads\/2019\/01\/DSC26122-300x137.jpg 300w, https:\/\/www.afandecor.es\/wp-content\/uploads\/2019\/01\/DSC26122-768x351.jpg 768w, https:\/\/www.afandecor.es\/wp-content\/uploads\/2019\/01\/DSC26122-1024x468.jpg 1024w, https:\/\/www.afandecor.es\/wp-content\/uploads\/2019\/01\/DSC26122-260x119.jpg 260w, https:\/\/www.afandecor.es\/wp-content\/uploads\/2019\/01\/DSC26122-50x23.jpg 50w, https:\/\/www.afandecor.es\/wp-content\/uploads\/2019\/01\/DSC26122-150x69.jpg 150w\" sizes=\"auto, (max-width: 300px) 100vw, 300px\" \/><\/p>\n<p>Afandecor r\u00e9alis\u00e9 <strong>la r\u00e9novation, install\u00e9 la menuiserie en aluminium et peint le nouvel espace<\/strong> selon les go\u00fbts de ces clients, qui ont comment\u00e9 l&#039;ensemble du processus : <em>\u00ab Vous nous avez donn\u00e9 de tr\u00e8s bonnes id\u00e9es. <strong>Avant m\u00eame que tout soit termin\u00e9, nous \u00e9tions \u00e9tonn\u00e9s de voir \u00e0 quel point vous changeiez notre maison.<\/strong> Tout est tr\u00e8s bien r\u00e9alis\u00e9 et maintenant nous avons beaucoup de lumi\u00e8re. Avec la <strong>menuiserie aluminium avec RPT<\/strong> que vous nous avez recommand\u00e9, nous n&#039;avons ni tr\u00e8s chaud en \u00e9t\u00e9 ni tr\u00e8s froid en hiver. Cela fait 5 ans de travail et <strong>aucun probl\u00e8me n&#039;est survenu depuis tout ce temps<\/strong>\u00bb<\/em>.<\/p>\n<p>Ce couple est non seulement satisfait du r\u00e9sultat final, mais a \u00e9galement voulu souligner le service de toutes les personnes qui travaillent dans l&#039;entreprise : <em>\u00ab Les deux <strong>pr\u00e9vente<\/strong> (rapidit\u00e9 dans la pr\u00e9paration du budget et des propositions), comme <strong>ex\u00e9cution<\/strong> (livraison dans les d\u00e9lais estim\u00e9s, travail tr\u00e8s propre et qualit\u00e9 des finitions) et le <strong>service apr\u00e8s-vente<\/strong> Ils sont imbattables. Je tiens \u00e9galement \u00e0 souligner la gentillesse de tout le personnel\u201d<\/em>.<\/p>\n<p>Chez Afandecor, nous sommes ravis de <strong>continuez \u00e0 atteindre vos objectifs<\/strong> et que vous continuez \u00e0 nous faire confiance !!<\/p>","protected":false},"excerpt":{"rendered":"<p>En Afandecor no solo realizamos el proyecto que deseas para tu hogar, tambi\u00e9n te asesoramos para que elijas la mejor opci\u00f3n seg\u00fan tus objetivos. Nuestro equipo<span class=\"excerpt-hellip\"> [\u2026]<\/span><\/p>\n","protected":false},"author":9,"featured_media":851,"comment_status":"open","ping_status":"open","sticky":false,"template":"","format":"image","meta":{"footnotes":""},"categories":[20],"tags":[],"class_list":["post-850","post","type-post","status-publish","format-image","has-post-thumbnail","hentry","category-reformas","post_format-post-format-image"],"_links":{"self":[{"href":"https:\/\/www.afandecor.es\/fr\/wp-json\/wp\/v2\/posts\/850","targetHints":{"allow":["GET"]}}],"collection":[{"href":"https:\/\/www.afandecor.es\/fr\/wp-json\/wp\/v2\/posts"}],"about":[{"href":"https:\/\/www.afandecor.es\/fr\/wp-json\/wp\/v2\/types\/post"}],"author":[{"embeddable":true,"href":"https:\/\/www.afandecor.es\/fr\/wp-json\/wp\/v2\/users\/9"}],"replies":[{"embeddable":true,"href":"https:\/\/www.afandecor.es\/fr\/wp-json\/wp\/v2\/comments?post=850"}],"version-history":[{"count":2,"href":"https:\/\/www.afandecor.es\/fr\/wp-json\/wp\/v2\/posts\/850\/revisions"}],"predecessor-version":[{"id":857,"href":"https:\/\/www.afandecor.es\/fr\/wp-json\/wp\/v2\/posts\/850\/revisions\/857"}],"wp:featuredmedia":[{"embeddable":true,"href":"https:\/\/www.afandecor.es\/fr\/wp-json\/wp\/v2\/media\/851"}],"wp:attachment":[{"href":"https:\/\/www.afandecor.es\/fr\/wp-json\/wp\/v2\/media?parent=850"}],"wp:term":[{"taxonomy":"category","embeddable":true,"href":"https:\/\/www.afandecor.es\/fr\/wp-json\/wp\/v2\/categories?post=850"},{"taxonomy":"post_tag","embeddable":true,"href":"https:\/\/www.afandecor.es\/fr\/wp-json\/wp\/v2\/tags?post=850"}],"curies":[{"name":"wp","href":"https:\/\/api.w.org\/{rel}","templated":true}]}}