{"id":837,"date":"2019-01-21T09:30:05","date_gmt":"2019-01-21T09:30:05","guid":{"rendered":"https:\/\/www.afandecor.es\/?p=837"},"modified":"2023-06-08T10:35:30","modified_gmt":"2023-06-08T10:35:30","slug":"afandecor-te-ofrece-las-mejores-calidades-del-sector","status":"publish","type":"post","link":"https:\/\/www.afandecor.es\/fr\/2019\/01\/21\/afandecor-te-ofrece-las-mejores-calidades-del-sector\/","title":{"rendered":"<p style=\"text-align: center; font-size: 33px; line-height: 28px;\">Afandecor vous offre les meilleures qualit\u00e9s du secteur<\/p>"},"content":{"rendered":"<p>Clients!! Votre satisfaction envers Afandecor continue de d\u00e9montrer que le <strong>devise selon laquelle nous travaillons chaque jour<\/strong> \u2013Il parlera tr\u00e8s bien de nous, c&#039;est vrai. Pour nous, c&#039;est une fiert\u00e9 que vous continuiez \u00e0 faire confiance \u00e0 notre travail lors de la r\u00e9alisation<strong> deuxi\u00e8mes r\u00e9formes<\/strong> dans vos foyers et que vous nous recommandez \u00e0 vos proches. Brenda est la derni\u00e8re cliente qui nous a fait part de son exp\u00e9rience et qui illustre parfaitement ce qui a \u00e9t\u00e9 mentionn\u00e9 pr\u00e9c\u00e9demment.<\/p>\n<p>Elle est venue chez nous gr\u00e2ce au <strong>recommandation d&#039;amis<\/strong> qui avaient \u00e9t\u00e9 tr\u00e8s satisfaits du travail d&#039;Afandecor dans leur maison. Son objectif \u00e9tait de r\u00e9aliser une <strong>projet d&#039;isolation acoustique et thermique<\/strong> dans deux de ses maisons du centre de Madrid et n&#039;a pas h\u00e9sit\u00e9 \u00e0 se mettre entre nos mains. Notre \u00e9quipe a d&#039;abord travaill\u00e9 sur le <strong>Maison Canillas<\/strong> o\u00f9 il a install\u00e9 un total de cinq fen\u00eatres fabriqu\u00e9es dans notre entreprise dans le salon et les chambres. <strong>Usine de PVC<\/strong>.<\/p>\n<p>Quelques semaines plus tard, l&#039;installation a commenc\u00e9 sur l&#039;autre propri\u00e9t\u00e9 situ\u00e9e dans le centre <strong>Rue Serrano<\/strong>. Ici, l&#039;\u00e9quipe d&#039;Afandecor a install\u00e9 trois portes avec vue sur l&#039;ext\u00e9rieur, \u00e9galement sous un<strong> Menuiserie PVC<\/strong>, comme celui qui appara\u00eet sur la photo. Les portes ne sont plus seulement un \u00e9l\u00e9ment de passage vers les balcons et des isolants depuis l&#039;ext\u00e9rieur ; Ce sont \u00e9galement des pi\u00e8ces qui s&#039;int\u00e8grent \u00e0 l&#039;environnement de la maison.<\/p>\n<p style=\"text-align: left;\">Brenda nous l&#039;a dit <strong>exp\u00e9rience avec Afandecor<\/strong> et a <strong>lou\u00e9<\/strong> \u00e0 tous les <strong>personnel<\/strong> pour son <strong>grand travail<\/strong>: <em>\u00ab Je suis tr\u00e8s satisfait de vous, c&#039;est pourquoi j&#039;ai d\u00e9cid\u00e9 de faire \u00e9galement la deuxi\u00e8me installation. Maintenant, j&#039;ai m\u00eame un travail en attente et <strong>Je suis s\u00fbr que je t&#039;appellerai \u00e0 nouveau<\/strong>. Vous \u00eates s\u00e9rieux, ponctuel, vous respectez les d\u00e9lais\u2026 Tout le personnel venu d&#039;Afandecor m&#039;a sembl\u00e9 \u00eatre des personnes tr\u00e8s professionnelles et tr\u00e8s polies.<\/em><\/p>\n<p>L&#039;une des meilleures garanties de qualit\u00e9 pour nos clients est <strong>les marques<\/strong> ceux avec qui nous travaillons, qui sont <strong>leaders du secteur<\/strong>. C\u2019est quelque chose que Brenda appr\u00e9cie grandement\u00a0: <em>\u00abJ&#039;aime avoir \u00e0 la maison <strong>profils et verre de bonne qualit\u00e9<\/strong>. D\u00e8s le d\u00e9but, les commerciaux m&#039;ont tr\u00e8s bien conseill\u00e9, ils ont mesur\u00e9 le bruit venant de la rue et m&#039;ont fait plusieurs propositions pour obtenir la meilleure isolation. Le r\u00e9sultat dans les deux maisons a \u00e9t\u00e9 incroyable car on n&#039;entend rien de la rue.<\/em><\/p>\n<p>Si les mots de Brenda ne suffisent pas, alors<strong>Vous pouvez v\u00e9rifier l&#039;isolation acoustique r\u00e9alis\u00e9e<\/strong> dans une vid\u00e9o publi\u00e9e sur nos r\u00e9seaux sociaux !<\/p>","protected":false},"excerpt":{"rendered":"<p>\u00a1\u00a1Clientes!! Vuestra satisfacci\u00f3n con Afandecor sigue demostrando que el lema por el que trabajamos cada d\u00eda \u2013Hablar\u00e1 muy bien de nosotros- se cumple. Para nosotros es<span class=\"excerpt-hellip\"> [\u2026]<\/span><\/p>\n","protected":false},"author":9,"featured_media":840,"comment_status":"open","ping_status":"open","sticky":false,"template":"","format":"image","meta":{"footnotes":""},"categories":[20],"tags":[],"class_list":["post-837","post","type-post","status-publish","format-image","has-post-thumbnail","hentry","category-reformas","post_format-post-format-image"],"_links":{"self":[{"href":"https:\/\/www.afandecor.es\/fr\/wp-json\/wp\/v2\/posts\/837","targetHints":{"allow":["GET"]}}],"collection":[{"href":"https:\/\/www.afandecor.es\/fr\/wp-json\/wp\/v2\/posts"}],"about":[{"href":"https:\/\/www.afandecor.es\/fr\/wp-json\/wp\/v2\/types\/post"}],"author":[{"embeddable":true,"href":"https:\/\/www.afandecor.es\/fr\/wp-json\/wp\/v2\/users\/9"}],"replies":[{"embeddable":true,"href":"https:\/\/www.afandecor.es\/fr\/wp-json\/wp\/v2\/comments?post=837"}],"version-history":[{"count":1,"href":"https:\/\/www.afandecor.es\/fr\/wp-json\/wp\/v2\/posts\/837\/revisions"}],"predecessor-version":[{"id":839,"href":"https:\/\/www.afandecor.es\/fr\/wp-json\/wp\/v2\/posts\/837\/revisions\/839"}],"wp:featuredmedia":[{"embeddable":true,"href":"https:\/\/www.afandecor.es\/fr\/wp-json\/wp\/v2\/media\/840"}],"wp:attachment":[{"href":"https:\/\/www.afandecor.es\/fr\/wp-json\/wp\/v2\/media?parent=837"}],"wp:term":[{"taxonomy":"category","embeddable":true,"href":"https:\/\/www.afandecor.es\/fr\/wp-json\/wp\/v2\/categories?post=837"},{"taxonomy":"post_tag","embeddable":true,"href":"https:\/\/www.afandecor.es\/fr\/wp-json\/wp\/v2\/tags?post=837"}],"curies":[{"name":"wp","href":"https:\/\/api.w.org\/{rel}","templated":true}]}}