{"id":3943,"date":"2026-02-10T14:41:43","date_gmt":"2026-02-10T14:41:43","guid":{"rendered":"https:\/\/www.afandecor.es\/?p=3943"},"modified":"2026-02-11T10:35:07","modified_gmt":"2026-02-11T10:35:07","slug":"deduccion-irpf-cambio-ventanas","status":"publish","type":"post","link":"https:\/\/www.afandecor.es\/fr\/2026\/02\/10\/deduccion-irpf-cambio-ventanas\/","title":{"rendered":"\u00c9conomisez jusqu&#039;\u00e0 1\u00a0000 \u20ac sur votre imp\u00f4t sur le revenu en rempla\u00e7ant les fen\u00eatres de votre maison en 2026."},"content":{"rendered":"<h1 class=\"wp-block-heading has-text-align-center\">\u00c9conomisez jusqu&#039;\u00e0 1\u00a0000 \u20ac sur votre imp\u00f4t sur le revenu en rempla\u00e7ant les fen\u00eatres de votre maison en 2026.<\/h1>\n\n\n\n<p class=\"has-text-align-center\"><\/p>\n\n\n\n<p class=\"has-text-align-left\">Remplacer les fen\u00eatres de votre maison am\u00e9liore non seulement le confort et l&#039;isolation, mais peut aussi repr\u00e9senter un investissement. <strong><a href=\"https:\/\/www.fabricadeventanas.es\/deduccion-irpf\/\" type=\"link\" id=\"https:\/\/www.fabricadeventanas.es\/deduccion-irpf\/\">\u00c9conomisez jusqu&#039;\u00e0 1\u00a0000 \u20ac sur votre d\u00e9claration de revenus<\/a><\/strong>.<\/p>\n\n\n\n<p class=\"has-text-align-left\">Gr\u00e2ce aux d\u00e9ductions pour travaux d&#039;am\u00e9lioration de l&#039;efficacit\u00e9 \u00e9nerg\u00e9tique, il est possible de b\u00e9n\u00e9ficier de cette d\u00e9duction \u00e0 condition de respecter certaines conditions techniques et administratives.<\/p>\n\n\n\n<p class=\"has-text-align-left\">Dans cet article, nous expliquons clairement comment fonctionne cette d\u00e9duction et quel r\u00f4le elle joue. <strong><a href=\"https:\/\/www.fabricadeventanas.es\/deduccion-irpf\/\" type=\"link\" id=\"https:\/\/www.fabricadeventanas.es\/deduccion-irpf\/\">Afandecor<\/a><\/strong> pour vous accompagner tout au long du processus.<\/p>\n\n\n<div class=\"wp-block-image\">\n<figure class=\"aligncenter size-full is-resized\"><img loading=\"lazy\" decoding=\"async\" width=\"2560\" height=\"1440\" src=\"https:\/\/www.afandecor.es\/wp-content\/uploads\/2026\/02\/front-view-financial-elements-arrangement-with-coins-scaled.jpg\" alt=\"\" class=\"wp-image-3966\" style=\"width:748px;height:auto\" srcset=\"https:\/\/www.afandecor.es\/wp-content\/uploads\/2026\/02\/front-view-financial-elements-arrangement-with-coins-scaled.jpg 2560w, https:\/\/www.afandecor.es\/wp-content\/uploads\/2026\/02\/front-view-financial-elements-arrangement-with-coins-300x169.jpg 300w, https:\/\/www.afandecor.es\/wp-content\/uploads\/2026\/02\/front-view-financial-elements-arrangement-with-coins-1024x576.jpg 1024w, https:\/\/www.afandecor.es\/wp-content\/uploads\/2026\/02\/front-view-financial-elements-arrangement-with-coins-768x432.jpg 768w, https:\/\/www.afandecor.es\/wp-content\/uploads\/2026\/02\/front-view-financial-elements-arrangement-with-coins-1536x864.jpg 1536w, https:\/\/www.afandecor.es\/wp-content\/uploads\/2026\/02\/front-view-financial-elements-arrangement-with-coins-2048x1152.jpg 2048w, https:\/\/www.afandecor.es\/wp-content\/uploads\/2026\/02\/front-view-financial-elements-arrangement-with-coins-18x10.jpg 18w, https:\/\/www.afandecor.es\/wp-content\/uploads\/2026\/02\/front-view-financial-elements-arrangement-with-coins-260x146.jpg 260w, https:\/\/www.afandecor.es\/wp-content\/uploads\/2026\/02\/front-view-financial-elements-arrangement-with-coins-50x28.jpg 50w, https:\/\/www.afandecor.es\/wp-content\/uploads\/2026\/02\/front-view-financial-elements-arrangement-with-coins-133x75.jpg 133w, https:\/\/www.afandecor.es\/wp-content\/uploads\/2026\/02\/front-view-financial-elements-arrangement-with-coins-1200x675.jpg 1200w\" sizes=\"auto, (max-width: 2560px) 100vw, 2560px\" \/><\/figure>\n<\/div>\n\n\n<div style=\"height:100px\" aria-hidden=\"true\" class=\"wp-block-spacer\"><\/div>\n\n\n\n<h2 class=\"wp-block-heading has-text-align-center\">En quoi consiste la d\u00e9duction d&#039;imp\u00f4t sur le revenu des particuliers\u00a0?<\/h2>\n\n\n\n<p class=\"has-text-align-left\">La d\u00e9duction d&#039;imp\u00f4t sur le revenu des personnes physiques pour les travaux d&#039;am\u00e9lioration de l&#039;efficacit\u00e9 \u00e9nerg\u00e9tique permet <strong>\u00e9conomisez sur votre d\u00e9claration de revenus<\/strong> lorsque des mesures sont prises pour r\u00e9duire la consommation d&#039;\u00e9nergie du logement, comme le remplacement des fen\u00eatres.<\/p>\n\n\n\n<p class=\"has-text-align-left\">Cette d\u00e9duction sera <strong><a href=\"https:\/\/www.fabricadeventanas.es\/deduccion-irpf\/\" type=\"link\" id=\"https:\/\/www.fabricadeventanas.es\/deduccion-irpf\/\">valable pour toute l&#039;ann\u00e9e 2026<\/a><\/strong> et elle s&#039;applique au montant de l&#039;action, \u00e0 condition que l&#039;am\u00e9lioration soit justifi\u00e9e par <strong><a href=\"https:\/\/www.fabricadeventanas.es\/deduccion-irpf\/\" type=\"link\" id=\"https:\/\/www.fabricadeventanas.es\/deduccion-irpf\/\">Certificats d&#039;efficacit\u00e9 \u00e9nerg\u00e9tique (CEE)<\/a><\/strong> Diffus\u00e9 avant et apr\u00e8s la pi\u00e8ce.<\/p>\n\n\n\n<p class=\"has-text-align-left\">Il y a <strong>deux hypoth\u00e8ses principales de d\u00e9duction<\/strong>, en fonction du niveau d&#039;am\u00e9lioration \u00e9nerg\u00e9tique atteint.<\/p>\n\n\n\n<div style=\"height:100px\" aria-hidden=\"true\" class=\"wp-block-spacer\"><\/div>\n\n\n\n<h2 class=\"wp-block-heading has-text-align-center\">exigences principales<\/h2>\n\n\n\n<p class=\"has-text-align-left\">Pour pouvoir b\u00e9n\u00e9ficier de l&#039;une quelconque de ces d\u00e9ductions, il est essentiel de remplir les conditions suivantes\u00a0:<\/p>\n\n\n\n<ul class=\"wp-block-list\">\n<li>Avoir un <strong>Certificat initial d&#039;efficacit\u00e9 \u00e9nerg\u00e9tique (avant construction)<\/strong>.<\/li>\n\n\n\n<li>Avoir un <strong>Certificat final de performance \u00e9nerg\u00e9tique (apr\u00e8s construction)<\/strong>.<\/li>\n\n\n\n<li>Que l&#039;action implique une <strong>am\u00e9lioration \u00e9nerg\u00e9tique d\u00e9montrable<\/strong>.<\/li>\n\n\n\n<li>Conservez les factures et les documents d&#039;installation.<\/li>\n<\/ul>\n\n\n\n<p>La d\u00e9duction <strong>Cela ne pourra \u00eatre confirm\u00e9 qu&#039;apr\u00e8s la d\u00e9livrance du certificat final.<\/strong>, car cela d\u00e9pend des \u00e9conomies r\u00e9ellement r\u00e9alis\u00e9es.<\/p>\n\n\n\n<div style=\"height:100px\" aria-hidden=\"true\" class=\"wp-block-spacer\"><\/div>\n\n\n\n<h2 class=\"wp-block-heading has-text-align-center\">Premier sc\u00e9nario de d\u00e9duction (le plus courant)<\/h2>\n\n\n\n<p class=\"has-text-align-left\">C&#039;est le cas le plus fr\u00e9quent lors du changement de fen\u00eatres.<\/p>\n\n\n\n<p><strong>Exigence<\/strong><\/p>\n\n\n\n<ul class=\"wp-block-list\">\n<li>R\u00e9aliser un <strong>r\u00e9duction minimale de 7 %<\/strong> dans la demande de chauffage et de climatisation des habitations.<\/li>\n<\/ul>\n\n\n\n<p><strong>D\u00e9duction applicable<\/strong><\/p>\n\n\n\n<ul class=\"wp-block-list\">\n<li><strong>20 %<\/strong> sur la base maximale de <strong>5.000 \u20ac<\/strong>.<\/li>\n\n\n\n<li><strong>D\u00e9duction maximale : 1\u00a0000 \u20ac<\/strong>.<\/li>\n<\/ul>\n\n\n\n<p><strong>Exemples pratiques<\/strong>:<\/p>\n\n\n\n<ul class=\"wp-block-list\">\n<li>Investissement de 3\u00a0000 \u20ac \u2192 3\u00a0000 \u20ac x 20 % = <strong>d\u00e9duction de 600 \u20ac<\/strong>.<\/li>\n\n\n\n<li>Investissement de 6\u00a0000 \u20ac \u2192 6\u00a0000 \u20ac x 20 % = 1\u00a0200 \u20ac, mais la limite s&#039;applique \u2192 <strong>D\u00e9duction de 1\u00a0000\u00a0\u20ac<\/strong>.<\/li>\n<\/ul>\n\n\n<div class=\"wp-block-image\">\n<figure class=\"aligncenter size-large is-resized\"><img loading=\"lazy\" decoding=\"async\" width=\"1024\" height=\"683\" src=\"https:\/\/www.afandecor.es\/wp-content\/uploads\/2026\/02\/chart-man-consulting-analyst-computer-discussion-1024x683.jpg\" alt=\"\" class=\"wp-image-3951\" style=\"width:742px;height:auto\" srcset=\"https:\/\/www.afandecor.es\/wp-content\/uploads\/2026\/02\/chart-man-consulting-analyst-computer-discussion-1024x683.jpg 1024w, https:\/\/www.afandecor.es\/wp-content\/uploads\/2026\/02\/chart-man-consulting-analyst-computer-discussion-300x200.jpg 300w, https:\/\/www.afandecor.es\/wp-content\/uploads\/2026\/02\/chart-man-consulting-analyst-computer-discussion-768x512.jpg 768w, https:\/\/www.afandecor.es\/wp-content\/uploads\/2026\/02\/chart-man-consulting-analyst-computer-discussion-1536x1024.jpg 1536w, https:\/\/www.afandecor.es\/wp-content\/uploads\/2026\/02\/chart-man-consulting-analyst-computer-discussion-2048x1365.jpg 2048w, https:\/\/www.afandecor.es\/wp-content\/uploads\/2026\/02\/chart-man-consulting-analyst-computer-discussion-18x12.jpg 18w, https:\/\/www.afandecor.es\/wp-content\/uploads\/2026\/02\/chart-man-consulting-analyst-computer-discussion-219x146.jpg 219w, https:\/\/www.afandecor.es\/wp-content\/uploads\/2026\/02\/chart-man-consulting-analyst-computer-discussion-50x33.jpg 50w, https:\/\/www.afandecor.es\/wp-content\/uploads\/2026\/02\/chart-man-consulting-analyst-computer-discussion-113x75.jpg 113w\" sizes=\"auto, (max-width: 1024px) 100vw, 1024px\" \/><\/figure>\n<\/div>\n\n\n<div style=\"height:100px\" aria-hidden=\"true\" class=\"wp-block-spacer\"><\/div>\n\n\n\n<h2 class=\"wp-block-heading has-text-align-center\">Deuxi\u00e8me sc\u00e9nario de d\u00e9duction (\u00e9conomies plus importantes)<\/h2>\n\n\n\n<p>Une d\u00e9duction plus \u00e9lev\u00e9e peut \u00eatre accord\u00e9e si l&#039;une de ces conditions est remplie\u00a0:<\/p>\n\n\n\n<ul class=\"wp-block-list\">\n<li>R\u00e9duire de un <strong>30 % consommation d&#039;\u00e9nergie primaire non renouvelable<\/strong>, soit<\/li>\n\n\n\n<li>Obtenez un <strong>Classe \u00e9nerg\u00e9tique A ou B<\/strong> dans le certificat final.<\/li>\n<\/ul>\n\n\n\n<p class=\"has-text-align-left\"><strong>D\u00e9duction applicable<\/strong><\/p>\n\n\n\n<ul class=\"wp-block-list\">\n<li><strong>40 %<\/strong> sur une base maximale de <strong>7.500 \u20ac<\/strong>.<\/li>\n\n\n\n<li><strong>D\u00e9duction maximale : 3\u00a0000 \u20ac<\/strong>.<\/li>\n<\/ul>\n\n\n\n<p class=\"has-text-align-left\"><strong>Exemples pratiques<\/strong>:<\/p>\n\n\n\n<ul class=\"wp-block-list\">\n<li>Investissement de 5\u00a0000 \u20ac \u2192 5\u00a0000 \u20ac x 40 % = <strong>D\u00e9duction de 2\u00a0000\u00a0\u20ac<\/strong>.<\/li>\n\n\n\n<li>Investissement de 10\u00a0000 \u20ac \u2192 10\u00a0000 \u20ac x 40 % = 4\u00a0000 \u20ac, mais la limite s&#039;applique \u2192 <strong>D\u00e9duction de 3\u00a0000\u00a0\u20ac<\/strong>.<\/li>\n<\/ul>\n\n\n\n<div style=\"height:100px\" aria-hidden=\"true\" class=\"wp-block-spacer\"><\/div>\n\n\n\n<h2 class=\"wp-block-heading has-text-align-center\">Que g\u00e8re Afandecor ?<\/h2>\n\n\n\n<p>Chez Afandecor, nous ne nous contentons pas de fabriquer et d&#039;installer des fen\u00eatres sur mesure. Nous<a href=\"https:\/\/www.fabricadeventanas.es\/deduccion-irpf\/\" type=\"link\" id=\"https:\/\/www.fabricadeventanas.es\/deduccion-irpf\/\"> <strong>Nous aidons le client sur les aspects techniques et documentaires.<\/strong><\/a> n\u00e9cessaire pour \u00eatre admissible \u00e0 la d\u00e9duction d&#039;imp\u00f4t sur le revenu personnel.<\/p>\n\n\n\n<p>Sp\u00e9cifiquement:<\/p>\n\n\n\n<ul class=\"wp-block-list\">\n<li>Nous coordonnons le <strong>\u00c9tablissement des certificats de performance \u00e9nerg\u00e9tique (CEE initial et final)<\/strong>.<\/li>\n\n\n\n<li>Nous avons v\u00e9rifi\u00e9 que l&#039;installation est conforme aux normes requises.<\/li>\n\n\n\n<li>Nous vous fournissons les documents n\u00e9cessaires \u00e0 joindre \u00e0 votre d\u00e9claration de revenus.<\/li>\n<\/ul>\n\n\n\n<p>De cette mani\u00e8re, le client \u00e9vite les erreurs et les proc\u00e9dures complexes qui pourraient emp\u00eacher la d\u00e9duction.<\/p>\n\n\n<div class=\"wp-block-image\">\n<figure class=\"aligncenter size-large is-resized\"><img loading=\"lazy\" decoding=\"async\" width=\"1024\" height=\"585\" src=\"https:\/\/www.afandecor.es\/wp-content\/uploads\/2026\/02\/3d-elements-house-construction-1-1024x585.jpg\" alt=\"\" class=\"wp-image-3950\" style=\"width:746px;height:auto\" srcset=\"https:\/\/www.afandecor.es\/wp-content\/uploads\/2026\/02\/3d-elements-house-construction-1-1024x585.jpg 1024w, https:\/\/www.afandecor.es\/wp-content\/uploads\/2026\/02\/3d-elements-house-construction-1-300x171.jpg 300w, https:\/\/www.afandecor.es\/wp-content\/uploads\/2026\/02\/3d-elements-house-construction-1-768x439.jpg 768w, https:\/\/www.afandecor.es\/wp-content\/uploads\/2026\/02\/3d-elements-house-construction-1-1536x878.jpg 1536w, https:\/\/www.afandecor.es\/wp-content\/uploads\/2026\/02\/3d-elements-house-construction-1-2048x1170.jpg 2048w, https:\/\/www.afandecor.es\/wp-content\/uploads\/2026\/02\/3d-elements-house-construction-1-18x10.jpg 18w, https:\/\/www.afandecor.es\/wp-content\/uploads\/2026\/02\/3d-elements-house-construction-1-256x146.jpg 256w, https:\/\/www.afandecor.es\/wp-content\/uploads\/2026\/02\/3d-elements-house-construction-1-50x29.jpg 50w, https:\/\/www.afandecor.es\/wp-content\/uploads\/2026\/02\/3d-elements-house-construction-1-131x75.jpg 131w\" sizes=\"auto, (max-width: 1024px) 100vw, 1024px\" \/><\/figure>\n<\/div>\n\n\n<div style=\"height:100px\" aria-hidden=\"true\" class=\"wp-block-spacer\"><\/div>\n\n\n\n<p><\/p>\n\n\n\n<h2 class=\"wp-block-heading has-text-align-center\">Conclusion<\/h2>\n\n\n\n<p>Puisqu&#039;il s&#039;agit d&#039;un <strong>d\u00e9duction fiscale<\/strong>, Elle est compatible avec d&#039;autres aides et subventions, telles que les <strong>Programme de mise \u00e0 la casse<\/strong>, le <strong>Fonds de la prochaine g\u00e9n\u00e9ration<\/strong> ou des subventions gouvernementales r\u00e9gionales. Remplacer ses fen\u00eatres est un investissement pour le confort, l&#039;isolation et l&#039;efficacit\u00e9 \u00e9nerg\u00e9tique. Si cela est fait avec la documentation appropri\u00e9e, cela peut \u00e9galement repr\u00e9senter un <a href=\"https:\/\/www.fabricadeventanas.es\/deduccion-irpf\/\" type=\"link\" id=\"https:\/\/www.fabricadeventanas.es\/deduccion-irpf\/\"><strong>des \u00e9conomies importantes sur la d\u00e9claration de revenus des particuliers<\/strong>.<\/a><\/p>\n\n\n\n<p>Chez Afandecor, nous accompagnons le client tout au long du processus : de la fabrication et de l&#039;installation des fen\u00eatres \u00e0 la gestion des certificats n\u00e9cessaires afin qu&#039;il puisse b\u00e9n\u00e9ficier de la d\u00e9duction de mani\u00e8re claire, transparente et simple.<\/p>\n\n\n\n<div style=\"height:100px\" aria-hidden=\"true\" class=\"wp-block-spacer\"><\/div>","protected":false},"excerpt":{"rendered":"<p>D\u00e9couvrez comment le changement de vos fen\u00eatres peut vous permettre d&#039;\u00e9conomiser jusqu&#039;\u00e0 1\u00a0000\u00a0\u20ac sur votre imp\u00f4t sur le revenu.<\/p>","protected":false},"author":9,"featured_media":3966,"comment_status":"closed","ping_status":"open","sticky":false,"template":"","format":"standard","meta":{"footnotes":""},"categories":[22],"tags":[],"class_list":["post-3943","post","type-post","status-publish","format-standard","has-post-thumbnail","hentry","category-categoria-actualidad"],"_links":{"self":[{"href":"https:\/\/www.afandecor.es\/fr\/wp-json\/wp\/v2\/posts\/3943","targetHints":{"allow":["GET"]}}],"collection":[{"href":"https:\/\/www.afandecor.es\/fr\/wp-json\/wp\/v2\/posts"}],"about":[{"href":"https:\/\/www.afandecor.es\/fr\/wp-json\/wp\/v2\/types\/post"}],"author":[{"embeddable":true,"href":"https:\/\/www.afandecor.es\/fr\/wp-json\/wp\/v2\/users\/9"}],"replies":[{"embeddable":true,"href":"https:\/\/www.afandecor.es\/fr\/wp-json\/wp\/v2\/comments?post=3943"}],"version-history":[{"count":15,"href":"https:\/\/www.afandecor.es\/fr\/wp-json\/wp\/v2\/posts\/3943\/revisions"}],"predecessor-version":[{"id":4032,"href":"https:\/\/www.afandecor.es\/fr\/wp-json\/wp\/v2\/posts\/3943\/revisions\/4032"}],"wp:featuredmedia":[{"embeddable":true,"href":"https:\/\/www.afandecor.es\/fr\/wp-json\/wp\/v2\/media\/3966"}],"wp:attachment":[{"href":"https:\/\/www.afandecor.es\/fr\/wp-json\/wp\/v2\/media?parent=3943"}],"wp:term":[{"taxonomy":"category","embeddable":true,"href":"https:\/\/www.afandecor.es\/fr\/wp-json\/wp\/v2\/categories?post=3943"},{"taxonomy":"post_tag","embeddable":true,"href":"https:\/\/www.afandecor.es\/fr\/wp-json\/wp\/v2\/tags?post=3943"}],"curies":[{"name":"wp","href":"https:\/\/api.w.org\/{rel}","templated":true}]}}