{"id":3748,"date":"2025-10-21T11:15:50","date_gmt":"2025-10-21T11:15:50","guid":{"rendered":"https:\/\/www.afandecor.es\/?p=3748"},"modified":"2025-10-22T07:06:58","modified_gmt":"2025-10-22T07:06:58","slug":"certificado-ahorro-energtico-cae","status":"publish","type":"post","link":"https:\/\/www.afandecor.es\/fr\/2025\/10\/21\/certificado-ahorro-energtico-cae\/","title":{"rendered":"Certificat d&#039;\u00c9conomie d&#039;\u00c9nergie (CAE) : qu&#039;est-ce que c&#039;est, comment \u00e7a marche et comment en b\u00e9n\u00e9ficier"},"content":{"rendered":"","protected":false},"excerpt":{"rendered":"<p>Chez Afandecor, en plus d&#039;installer des fen\u00eatres performantes et d&#039;am\u00e9liorer le confort de votre maison, nous vous aidons \u00e0 obtenir une compensation financi\u00e8re officielle pour les \u00e9conomies d&#039;\u00e9nergie [<\/p>","protected":false},"author":9,"featured_media":3745,"comment_status":"closed","ping_status":"open","sticky":true,"template":"","format":"standard","meta":{"footnotes":""},"categories":[194,18,193],"tags":[65,196,195,47],"class_list":["post-3748","post","type-post","status-publish","format-standard","has-post-thumbnail","hentry","category-ahorro-energetico","category-energia","category-subvenciones","tag-ahorro-energetico","tag-cae","tag-contraprestacion","tag-eficiencia-energetica"],"_links":{"self":[{"href":"https:\/\/www.afandecor.es\/fr\/wp-json\/wp\/v2\/posts\/3748","targetHints":{"allow":["GET"]}}],"collection":[{"href":"https:\/\/www.afandecor.es\/fr\/wp-json\/wp\/v2\/posts"}],"about":[{"href":"https:\/\/www.afandecor.es\/fr\/wp-json\/wp\/v2\/types\/post"}],"author":[{"embeddable":true,"href":"https:\/\/www.afandecor.es\/fr\/wp-json\/wp\/v2\/users\/9"}],"replies":[{"embeddable":true,"href":"https:\/\/www.afandecor.es\/fr\/wp-json\/wp\/v2\/comments?post=3748"}],"version-history":[{"count":5,"href":"https:\/\/www.afandecor.es\/fr\/wp-json\/wp\/v2\/posts\/3748\/revisions"}],"predecessor-version":[{"id":3759,"href":"https:\/\/www.afandecor.es\/fr\/wp-json\/wp\/v2\/posts\/3748\/revisions\/3759"}],"wp:featuredmedia":[{"embeddable":true,"href":"https:\/\/www.afandecor.es\/fr\/wp-json\/wp\/v2\/media\/3745"}],"wp:attachment":[{"href":"https:\/\/www.afandecor.es\/fr\/wp-json\/wp\/v2\/media?parent=3748"}],"wp:term":[{"taxonomy":"category","embeddable":true,"href":"https:\/\/www.afandecor.es\/fr\/wp-json\/wp\/v2\/categories?post=3748"},{"taxonomy":"post_tag","embeddable":true,"href":"https:\/\/www.afandecor.es\/fr\/wp-json\/wp\/v2\/tags?post=3748"}],"curies":[{"name":"wp","href":"https:\/\/api.w.org\/{rel}","templated":true}]}}