{"id":2362,"date":"2023-08-04T09:26:56","date_gmt":"2023-08-04T09:26:56","guid":{"rendered":"https:\/\/www.afandecor.es\/?p=2362"},"modified":"2023-08-04T10:31:31","modified_gmt":"2023-08-04T10:31:31","slug":"maximizando-el-futuro-razones-para-utilizar-los-fondos-next-generation","status":"publish","type":"post","link":"https:\/\/www.afandecor.es\/fr\/2023\/08\/04\/maximizando-el-futuro-razones-para-utilizar-los-fondos-next-generation\/","title":{"rendered":"Maximiser l\u2019avenir\u00a0: raisons d\u2019utiliser les fonds de nouvelle g\u00e9n\u00e9ration"},"content":{"rendered":"","protected":false},"excerpt":{"rendered":"<p>Dans le monde d&#039;aujourd&#039;hui, o\u00f9 la technologie progresse \u00e0 pas de g\u00e9ant et o\u00f9 les besoins changeants de la soci\u00e9t\u00e9 exigent des solutions innovantes, les fonds Next Generation se pr\u00e9sentent comme une opportunit\u00e9 en or pour promouvoir le d\u00e9veloppement et la transformation dans divers domaines. Parmi ces fonds, ceux destin\u00e9s \u00e0 l\u2019am\u00e9lioration et \u00e0 la modernisation des fen\u00eatres ont attir\u00e9 l\u2019attention en raison de leurs nombreux avantages et b\u00e9n\u00e9fices. Nous explorons ici quelques principales raisons d&#039;envisager l&#039;utilisation des arri\u00e8re-plans Windows de nouvelle g\u00e9n\u00e9ration\u00a0:<\/p>","protected":false},"author":1,"featured_media":2365,"comment_status":"open","ping_status":"open","sticky":false,"template":"","format":"standard","meta":{"footnotes":""},"categories":[22,19],"tags":[],"class_list":["post-2362","post","type-post","status-publish","format-standard","has-post-thumbnail","hentry","category-categoria-actualidad","category-ventanas"],"_links":{"self":[{"href":"https:\/\/www.afandecor.es\/fr\/wp-json\/wp\/v2\/posts\/2362","targetHints":{"allow":["GET"]}}],"collection":[{"href":"https:\/\/www.afandecor.es\/fr\/wp-json\/wp\/v2\/posts"}],"about":[{"href":"https:\/\/www.afandecor.es\/fr\/wp-json\/wp\/v2\/types\/post"}],"author":[{"embeddable":true,"href":"https:\/\/www.afandecor.es\/fr\/wp-json\/wp\/v2\/users\/1"}],"replies":[{"embeddable":true,"href":"https:\/\/www.afandecor.es\/fr\/wp-json\/wp\/v2\/comments?post=2362"}],"version-history":[{"count":2,"href":"https:\/\/www.afandecor.es\/fr\/wp-json\/wp\/v2\/posts\/2362\/revisions"}],"predecessor-version":[{"id":2367,"href":"https:\/\/www.afandecor.es\/fr\/wp-json\/wp\/v2\/posts\/2362\/revisions\/2367"}],"wp:featuredmedia":[{"embeddable":true,"href":"https:\/\/www.afandecor.es\/fr\/wp-json\/wp\/v2\/media\/2365"}],"wp:attachment":[{"href":"https:\/\/www.afandecor.es\/fr\/wp-json\/wp\/v2\/media?parent=2362"}],"wp:term":[{"taxonomy":"category","embeddable":true,"href":"https:\/\/www.afandecor.es\/fr\/wp-json\/wp\/v2\/categories?post=2362"},{"taxonomy":"post_tag","embeddable":true,"href":"https:\/\/www.afandecor.es\/fr\/wp-json\/wp\/v2\/tags?post=2362"}],"curies":[{"name":"wp","href":"https:\/\/api.w.org\/{rel}","templated":true}]}}