{"id":2342,"date":"2023-07-18T07:09:35","date_gmt":"2023-07-18T07:09:35","guid":{"rendered":"https:\/\/www.afandecor.es\/?p=2342"},"modified":"2023-07-18T09:10:46","modified_gmt":"2023-07-18T09:10:46","slug":"por-que-afandecor-es-el-lider-en-la-instalacion-de-ventanas","status":"publish","type":"post","link":"https:\/\/www.afandecor.es\/fr\/2023\/07\/18\/por-que-afandecor-es-el-lider-en-la-instalacion-de-ventanas\/","title":{"rendered":"Pourquoi Afandecor est-il un leader en installation de fen\u00eatres ?"},"content":{"rendered":"","protected":false},"excerpt":{"rendered":"<p>En mati\u00e8re d&#039;installation de fen\u00eatres \u00e0 Madrid, Afandecor se distingue comme leader du secteur. Forte d&#039;une solide r\u00e9putation b\u00e2tie au fil des ann\u00e9es, Afandecor a r\u00e9ussi \u00e0 s&#039;imposer comme une entreprise fiable et de qualit\u00e9 sur le march\u00e9 de l&#039;installation de fen\u00eatres dans la capitale espagnole. Dans cet article, nous explorerons les raisons pour lesquelles Afandecor est devenu le leader incontest\u00e9 dans ce domaine.<\/p>","protected":false},"author":9,"featured_media":2343,"comment_status":"open","ping_status":"open","sticky":false,"template":"","format":"standard","meta":{"footnotes":""},"categories":[22,19],"tags":[],"class_list":["post-2342","post","type-post","status-publish","format-standard","has-post-thumbnail","hentry","category-categoria-actualidad","category-ventanas"],"_links":{"self":[{"href":"https:\/\/www.afandecor.es\/fr\/wp-json\/wp\/v2\/posts\/2342","targetHints":{"allow":["GET"]}}],"collection":[{"href":"https:\/\/www.afandecor.es\/fr\/wp-json\/wp\/v2\/posts"}],"about":[{"href":"https:\/\/www.afandecor.es\/fr\/wp-json\/wp\/v2\/types\/post"}],"author":[{"embeddable":true,"href":"https:\/\/www.afandecor.es\/fr\/wp-json\/wp\/v2\/users\/9"}],"replies":[{"embeddable":true,"href":"https:\/\/www.afandecor.es\/fr\/wp-json\/wp\/v2\/comments?post=2342"}],"version-history":[{"count":3,"href":"https:\/\/www.afandecor.es\/fr\/wp-json\/wp\/v2\/posts\/2342\/revisions"}],"predecessor-version":[{"id":2395,"href":"https:\/\/www.afandecor.es\/fr\/wp-json\/wp\/v2\/posts\/2342\/revisions\/2395"}],"wp:featuredmedia":[{"embeddable":true,"href":"https:\/\/www.afandecor.es\/fr\/wp-json\/wp\/v2\/media\/2343"}],"wp:attachment":[{"href":"https:\/\/www.afandecor.es\/fr\/wp-json\/wp\/v2\/media?parent=2342"}],"wp:term":[{"taxonomy":"category","embeddable":true,"href":"https:\/\/www.afandecor.es\/fr\/wp-json\/wp\/v2\/categories?post=2342"},{"taxonomy":"post_tag","embeddable":true,"href":"https:\/\/www.afandecor.es\/fr\/wp-json\/wp\/v2\/tags?post=2342"}],"curies":[{"name":"wp","href":"https:\/\/api.w.org\/{rel}","templated":true}]}}