{"id":2303,"date":"2023-06-23T09:29:22","date_gmt":"2023-06-23T09:29:22","guid":{"rendered":"https:\/\/www.afandecor.es\/?p=2303"},"modified":"2025-06-17T14:33:57","modified_gmt":"2025-06-17T14:33:57","slug":"apoyamos-el-deporte-con-valores","status":"publish","type":"post","link":"https:\/\/www.afandecor.es\/fr\/2023\/06\/23\/apoyamos-el-deporte-con-valores\/","title":{"rendered":"Nous soutenons le sport avec des valeurs"},"content":{"rendered":"","protected":false},"excerpt":{"rendered":"<p>Nous c\u00e9l\u00e9brons. Ceux d&#039;entre vous qui nous accompagnent depuis longtemps savent que pour nous, les paris sportifs font partie de notre ADN. Les valeurs du sport appliqu\u00e9es \u00e0 la culture de l&#039;entreprise sont pour nous un outil fondamental pour continuer \u00e0 s&#039;am\u00e9liorer jour apr\u00e8s jour, et dans cette voie d&#039;am\u00e9lioration, nous avons Sierra San Vicente Futsal comme l&#039;une des meilleures r\u00e9f\u00e9rences en mati\u00e8re d&#039;engagement, de travail d&#039;\u00e9quipe , responsabilit\u00e9, effort, pers\u00e9v\u00e9rance et humilit\u00e9.<\/p>","protected":false},"author":9,"featured_media":2294,"comment_status":"open","ping_status":"open","sticky":false,"template":"","format":"standard","meta":{"footnotes":""},"categories":[1],"tags":[],"class_list":["post-2303","post","type-post","status-publish","format-standard","has-post-thumbnail","hentry","category-sin-categoria"],"_links":{"self":[{"href":"https:\/\/www.afandecor.es\/fr\/wp-json\/wp\/v2\/posts\/2303","targetHints":{"allow":["GET"]}}],"collection":[{"href":"https:\/\/www.afandecor.es\/fr\/wp-json\/wp\/v2\/posts"}],"about":[{"href":"https:\/\/www.afandecor.es\/fr\/wp-json\/wp\/v2\/types\/post"}],"author":[{"embeddable":true,"href":"https:\/\/www.afandecor.es\/fr\/wp-json\/wp\/v2\/users\/9"}],"replies":[{"embeddable":true,"href":"https:\/\/www.afandecor.es\/fr\/wp-json\/wp\/v2\/comments?post=2303"}],"version-history":[{"count":4,"href":"https:\/\/www.afandecor.es\/fr\/wp-json\/wp\/v2\/posts\/2303\/revisions"}],"predecessor-version":[{"id":2307,"href":"https:\/\/www.afandecor.es\/fr\/wp-json\/wp\/v2\/posts\/2303\/revisions\/2307"}],"wp:featuredmedia":[{"embeddable":true,"href":"https:\/\/www.afandecor.es\/fr\/wp-json\/wp\/v2\/media\/2294"}],"wp:attachment":[{"href":"https:\/\/www.afandecor.es\/fr\/wp-json\/wp\/v2\/media?parent=2303"}],"wp:term":[{"taxonomy":"category","embeddable":true,"href":"https:\/\/www.afandecor.es\/fr\/wp-json\/wp\/v2\/categories?post=2303"},{"taxonomy":"post_tag","embeddable":true,"href":"https:\/\/www.afandecor.es\/fr\/wp-json\/wp\/v2\/tags?post=2303"}],"curies":[{"name":"wp","href":"https:\/\/api.w.org\/{rel}","templated":true}]}}