{"id":2138,"date":"2023-04-25T13:27:43","date_gmt":"2023-04-25T13:27:43","guid":{"rendered":"https:\/\/www.afandecor.es\/?p=2138"},"modified":"2025-06-17T14:34:09","modified_gmt":"2025-06-17T14:34:09","slug":"toldos-cristales-eficientes-y-refugios-climaticos","status":"publish","type":"post","link":"https:\/\/www.afandecor.es\/fr\/2023\/04\/25\/toldos-cristales-eficientes-y-refugios-climaticos\/","title":{"rendered":"<strong>Auvents, fen\u00eatres efficaces et abris climatiques<\/strong>"},"content":{"rendered":"","protected":false},"excerpt":{"rendered":"<p>La chaleur est arriv\u00e9e. La crise climatique nous apporte l&#039;un des \u00e9t\u00e9s les plus chauds de l&#039;histoire. Cette semaine, nous d\u00e9passerons les 30 degr\u00e9s dans une grande partie de la p\u00e9ninsule, ce qui montre que les temp\u00e9ratures enregistr\u00e9es l&#039;\u00e9t\u00e9 dernier marquent la tendance \u00e0 une augmentation progressive du cadre climatique que nous conna\u00eetrons en Espagne dans les ann\u00e9es \u00e0 venir.<\/p>","protected":false},"author":9,"featured_media":2141,"comment_status":"open","ping_status":"open","sticky":false,"template":"","format":"standard","meta":{"footnotes":""},"categories":[22,1],"tags":[],"class_list":["post-2138","post","type-post","status-publish","format-standard","has-post-thumbnail","hentry","category-categoria-actualidad","category-sin-categoria"],"_links":{"self":[{"href":"https:\/\/www.afandecor.es\/fr\/wp-json\/wp\/v2\/posts\/2138","targetHints":{"allow":["GET"]}}],"collection":[{"href":"https:\/\/www.afandecor.es\/fr\/wp-json\/wp\/v2\/posts"}],"about":[{"href":"https:\/\/www.afandecor.es\/fr\/wp-json\/wp\/v2\/types\/post"}],"author":[{"embeddable":true,"href":"https:\/\/www.afandecor.es\/fr\/wp-json\/wp\/v2\/users\/9"}],"replies":[{"embeddable":true,"href":"https:\/\/www.afandecor.es\/fr\/wp-json\/wp\/v2\/comments?post=2138"}],"version-history":[{"count":2,"href":"https:\/\/www.afandecor.es\/fr\/wp-json\/wp\/v2\/posts\/2138\/revisions"}],"predecessor-version":[{"id":2142,"href":"https:\/\/www.afandecor.es\/fr\/wp-json\/wp\/v2\/posts\/2138\/revisions\/2142"}],"wp:featuredmedia":[{"embeddable":true,"href":"https:\/\/www.afandecor.es\/fr\/wp-json\/wp\/v2\/media\/2141"}],"wp:attachment":[{"href":"https:\/\/www.afandecor.es\/fr\/wp-json\/wp\/v2\/media?parent=2138"}],"wp:term":[{"taxonomy":"category","embeddable":true,"href":"https:\/\/www.afandecor.es\/fr\/wp-json\/wp\/v2\/categories?post=2138"},{"taxonomy":"post_tag","embeddable":true,"href":"https:\/\/www.afandecor.es\/fr\/wp-json\/wp\/v2\/tags?post=2138"}],"curies":[{"name":"wp","href":"https:\/\/api.w.org\/{rel}","templated":true}]}}