{"id":2129,"date":"2023-04-19T15:21:30","date_gmt":"2023-04-19T15:21:30","guid":{"rendered":"https:\/\/www.afandecor.es\/?p=2129"},"modified":"2023-06-08T10:25:08","modified_gmt":"2023-06-08T10:25:08","slug":"nuestro-compromiso-con-la-sostenibilid","status":"publish","type":"post","link":"https:\/\/www.afandecor.es\/fr\/2023\/04\/19\/nuestro-compromiso-con-la-sostenibilid\/","title":{"rendered":"Notre engagement envers la durabilit\u00e9"},"content":{"rendered":"<p><\/p>\n\n\n\n<p><\/p>","protected":false},"excerpt":{"rendered":"<p>Le Jour de la Terre est quotidien, c&#039;est pourquoi chez Grupo Afandecor nous avons renforc\u00e9 notre engagement \u00e0 r\u00e9duire au maximum l&#039;impact environnemental g\u00e9n\u00e9r\u00e9. Lorsque nous d\u00e9cidons d&#039;investir dans notre plan\u00e8te, nous investissons dans chacun de nous. Nous investissons dans un avenir durable dans lequel notre bien-\u00eatre n&#039;est pas conditionn\u00e9 par l&#039;impact du r\u00e9chauffement climatique et les cons\u00e9quences du changement climatique sur nos vies. <\/p>","protected":false},"author":9,"featured_media":2135,"comment_status":"open","ping_status":"open","sticky":false,"template":"","format":"standard","meta":{"footnotes":""},"categories":[1],"tags":[],"class_list":["post-2129","post","type-post","status-publish","format-standard","has-post-thumbnail","hentry","category-sin-categoria"],"_links":{"self":[{"href":"https:\/\/www.afandecor.es\/fr\/wp-json\/wp\/v2\/posts\/2129","targetHints":{"allow":["GET"]}}],"collection":[{"href":"https:\/\/www.afandecor.es\/fr\/wp-json\/wp\/v2\/posts"}],"about":[{"href":"https:\/\/www.afandecor.es\/fr\/wp-json\/wp\/v2\/types\/post"}],"author":[{"embeddable":true,"href":"https:\/\/www.afandecor.es\/fr\/wp-json\/wp\/v2\/users\/9"}],"replies":[{"embeddable":true,"href":"https:\/\/www.afandecor.es\/fr\/wp-json\/wp\/v2\/comments?post=2129"}],"version-history":[{"count":4,"href":"https:\/\/www.afandecor.es\/fr\/wp-json\/wp\/v2\/posts\/2129\/revisions"}],"predecessor-version":[{"id":2134,"href":"https:\/\/www.afandecor.es\/fr\/wp-json\/wp\/v2\/posts\/2129\/revisions\/2134"}],"wp:featuredmedia":[{"embeddable":true,"href":"https:\/\/www.afandecor.es\/fr\/wp-json\/wp\/v2\/media\/2135"}],"wp:attachment":[{"href":"https:\/\/www.afandecor.es\/fr\/wp-json\/wp\/v2\/media?parent=2129"}],"wp:term":[{"taxonomy":"category","embeddable":true,"href":"https:\/\/www.afandecor.es\/fr\/wp-json\/wp\/v2\/categories?post=2129"},{"taxonomy":"post_tag","embeddable":true,"href":"https:\/\/www.afandecor.es\/fr\/wp-json\/wp\/v2\/tags?post=2129"}],"curies":[{"name":"wp","href":"https:\/\/api.w.org\/{rel}","templated":true}]}}