{"id":2091,"date":"2023-02-28T11:39:14","date_gmt":"2023-02-28T11:39:14","guid":{"rendered":"https:\/\/www.afandecor.es\/?p=2091"},"modified":"2025-06-17T14:34:14","modified_gmt":"2025-06-17T14:34:14","slug":"como-impulsar-la-rehabilitacion-energetica-en-tu-vivienda","status":"publish","type":"post","link":"https:\/\/www.afandecor.es\/fr\/2023\/02\/28\/como-impulsar-la-rehabilitacion-energetica-en-tu-vivienda\/","title":{"rendered":"Comment favoriser la r\u00e9habilitation \u00e9nerg\u00e9tique de votre logement ?"},"content":{"rendered":"<p><\/p>\n\n\n\n<p><\/p>","protected":false},"excerpt":{"rendered":"<p>Gr\u00e2ce \u00e0 la mise en \u0153uvre de mesures favorisant la r\u00e9habilitation \u00e9nerg\u00e9tique, nous pouvons am\u00e9liorer la durabilit\u00e9 et r\u00e9duire la consommation et les \u00e9missions g\u00e9n\u00e9r\u00e9es. Nous vous l&#039;expliquons \u00e9tape par \u00e9tape.<\/p>","protected":false},"author":9,"featured_media":2093,"comment_status":"open","ping_status":"open","sticky":false,"template":"","format":"standard","meta":{"footnotes":""},"categories":[17,19],"tags":[16],"class_list":["post-2091","post","type-post","status-publish","format-standard","has-post-thumbnail","hentry","category-rehabilitacion-energetica","category-ventanas","tag-medidas-rehabilitacion-energetica"],"_links":{"self":[{"href":"https:\/\/www.afandecor.es\/fr\/wp-json\/wp\/v2\/posts\/2091","targetHints":{"allow":["GET"]}}],"collection":[{"href":"https:\/\/www.afandecor.es\/fr\/wp-json\/wp\/v2\/posts"}],"about":[{"href":"https:\/\/www.afandecor.es\/fr\/wp-json\/wp\/v2\/types\/post"}],"author":[{"embeddable":true,"href":"https:\/\/www.afandecor.es\/fr\/wp-json\/wp\/v2\/users\/9"}],"replies":[{"embeddable":true,"href":"https:\/\/www.afandecor.es\/fr\/wp-json\/wp\/v2\/comments?post=2091"}],"version-history":[{"count":3,"href":"https:\/\/www.afandecor.es\/fr\/wp-json\/wp\/v2\/posts\/2091\/revisions"}],"predecessor-version":[{"id":2095,"href":"https:\/\/www.afandecor.es\/fr\/wp-json\/wp\/v2\/posts\/2091\/revisions\/2095"}],"wp:featuredmedia":[{"embeddable":true,"href":"https:\/\/www.afandecor.es\/fr\/wp-json\/wp\/v2\/media\/2093"}],"wp:attachment":[{"href":"https:\/\/www.afandecor.es\/fr\/wp-json\/wp\/v2\/media?parent=2091"}],"wp:term":[{"taxonomy":"category","embeddable":true,"href":"https:\/\/www.afandecor.es\/fr\/wp-json\/wp\/v2\/categories?post=2091"},{"taxonomy":"post_tag","embeddable":true,"href":"https:\/\/www.afandecor.es\/fr\/wp-json\/wp\/v2\/tags?post=2091"}],"curies":[{"name":"wp","href":"https:\/\/api.w.org\/{rel}","templated":true}]}}