{"id":2073,"date":"2023-02-22T16:16:20","date_gmt":"2023-02-22T16:16:20","guid":{"rendered":"https:\/\/www.afandecor.es\/?p=2073"},"modified":"2025-06-17T14:34:20","modified_gmt":"2025-06-17T14:34:20","slug":"ha-llegado-el-boom-de-la-rehabilitacion-energetica","status":"publish","type":"post","link":"https:\/\/www.afandecor.es\/fr\/2023\/02\/22\/ha-llegado-el-boom-de-la-rehabilitacion-energetica\/","title":{"rendered":"<strong>Le boom de la r\u00e9habilitation \u00e9nerg\u00e9tique est arriv\u00e9<\/strong>"},"content":{"rendered":"<p><\/p>\n\n\n\n<p><\/p>","protected":false},"excerpt":{"rendered":"<p>Gr\u00e2ce \u00e0 l&#039;arriv\u00e9e des fonds europ\u00e9ens Next Generation pour promouvoir l&#039;efficacit\u00e9 \u00e9nerg\u00e9tique en Espagne, la demande d&#039;informations pour la passation de march\u00e9s de services de r\u00e9habilitation \u00e9nerg\u00e9tique a grimp\u00e9 en fl\u00e8che de pr\u00e8s de 30% par rapport aux valeurs de 2022.<\/p>","protected":false},"author":9,"featured_media":2074,"comment_status":"open","ping_status":"open","sticky":false,"template":"","format":"standard","meta":{"footnotes":""},"categories":[17],"tags":[],"class_list":["post-2073","post","type-post","status-publish","format-standard","has-post-thumbnail","hentry","category-rehabilitacion-energetica"],"_links":{"self":[{"href":"https:\/\/www.afandecor.es\/fr\/wp-json\/wp\/v2\/posts\/2073","targetHints":{"allow":["GET"]}}],"collection":[{"href":"https:\/\/www.afandecor.es\/fr\/wp-json\/wp\/v2\/posts"}],"about":[{"href":"https:\/\/www.afandecor.es\/fr\/wp-json\/wp\/v2\/types\/post"}],"author":[{"embeddable":true,"href":"https:\/\/www.afandecor.es\/fr\/wp-json\/wp\/v2\/users\/9"}],"replies":[{"embeddable":true,"href":"https:\/\/www.afandecor.es\/fr\/wp-json\/wp\/v2\/comments?post=2073"}],"version-history":[{"count":8,"href":"https:\/\/www.afandecor.es\/fr\/wp-json\/wp\/v2\/posts\/2073\/revisions"}],"predecessor-version":[{"id":2083,"href":"https:\/\/www.afandecor.es\/fr\/wp-json\/wp\/v2\/posts\/2073\/revisions\/2083"}],"wp:featuredmedia":[{"embeddable":true,"href":"https:\/\/www.afandecor.es\/fr\/wp-json\/wp\/v2\/media\/2074"}],"wp:attachment":[{"href":"https:\/\/www.afandecor.es\/fr\/wp-json\/wp\/v2\/media?parent=2073"}],"wp:term":[{"taxonomy":"category","embeddable":true,"href":"https:\/\/www.afandecor.es\/fr\/wp-json\/wp\/v2\/categories?post=2073"},{"taxonomy":"post_tag","embeddable":true,"href":"https:\/\/www.afandecor.es\/fr\/wp-json\/wp\/v2\/tags?post=2073"}],"curies":[{"name":"wp","href":"https:\/\/api.w.org\/{rel}","templated":true}]}}