{"id":1800,"date":"2022-12-09T08:35:05","date_gmt":"2022-12-09T08:35:05","guid":{"rendered":"https:\/\/www.afandecor.es\/?p=1800"},"modified":"2025-06-17T14:34:25","modified_gmt":"2025-06-17T14:34:25","slug":"consorcio-passivhaus","status":"publish","type":"post","link":"https:\/\/www.afandecor.es\/fr\/2022\/12\/09\/consorcio-passivhaus\/","title":{"rendered":"<p>La pr\u00e9sence du Consortium Passivhaus \u00e0 Construtec r\u00e9affirme l&#039;importance d&#039;une construction efficace.<\/p>"},"content":{"rendered":"","protected":false},"excerpt":{"rendered":"<p>Le Groupe Afandecor participe avec le Consortium Passivhaus au salon Construtec, organis\u00e9 par Ifema. L&#039;espace ePower&amp;Building accueille des milliers d&#039;organismes proposant des solutions dans le secteur de la construction, de la r\u00e9novation et de la r\u00e9habilitation de l&#039;habitat, r\u00e9unis autour des salons Construtec, Veteco, Archistone, Bimexpo, Matelec... <\/p>","protected":false},"author":1,"featured_media":1983,"comment_status":"open","ping_status":"open","sticky":false,"template":"","format":"standard","meta":{"footnotes":""},"categories":[21],"tags":[],"class_list":["post-1800","post","type-post","status-publish","format-standard","has-post-thumbnail","hentry","category-construccion-eficiente"],"_links":{"self":[{"href":"https:\/\/www.afandecor.es\/fr\/wp-json\/wp\/v2\/posts\/1800","targetHints":{"allow":["GET"]}}],"collection":[{"href":"https:\/\/www.afandecor.es\/fr\/wp-json\/wp\/v2\/posts"}],"about":[{"href":"https:\/\/www.afandecor.es\/fr\/wp-json\/wp\/v2\/types\/post"}],"author":[{"embeddable":true,"href":"https:\/\/www.afandecor.es\/fr\/wp-json\/wp\/v2\/users\/1"}],"replies":[{"embeddable":true,"href":"https:\/\/www.afandecor.es\/fr\/wp-json\/wp\/v2\/comments?post=1800"}],"version-history":[{"count":11,"href":"https:\/\/www.afandecor.es\/fr\/wp-json\/wp\/v2\/posts\/1800\/revisions"}],"predecessor-version":[{"id":1873,"href":"https:\/\/www.afandecor.es\/fr\/wp-json\/wp\/v2\/posts\/1800\/revisions\/1873"}],"wp:featuredmedia":[{"embeddable":true,"href":"https:\/\/www.afandecor.es\/fr\/wp-json\/wp\/v2\/media\/1983"}],"wp:attachment":[{"href":"https:\/\/www.afandecor.es\/fr\/wp-json\/wp\/v2\/media?parent=1800"}],"wp:term":[{"taxonomy":"category","embeddable":true,"href":"https:\/\/www.afandecor.es\/fr\/wp-json\/wp\/v2\/categories?post=1800"},{"taxonomy":"post_tag","embeddable":true,"href":"https:\/\/www.afandecor.es\/fr\/wp-json\/wp\/v2\/tags?post=1800"}],"curies":[{"name":"wp","href":"https:\/\/api.w.org\/{rel}","templated":true}]}}