{"id":1460,"date":"2021-06-23T09:46:00","date_gmt":"2021-06-23T09:46:00","guid":{"rendered":"https:\/\/www.afandecor.es\/?p=1460"},"modified":"2023-06-08T10:26:06","modified_gmt":"2023-06-08T10:26:06","slug":"asociados-e-instituciones-presentan-edifica21","status":"publish","type":"post","link":"https:\/\/www.afandecor.es\/fr\/2021\/06\/23\/asociados-e-instituciones-presentan-edifica21\/","title":{"rendered":"<p style=\"text-align: center; font-size: 33px; line-height: 28px;\">Associ\u00e9s et institutions pr\u00e9sentent ediFica21<\/p>"},"content":{"rendered":"<p>Mercredi dernier, le <strong>pr\u00e9sentation d&#039;ediFica21<\/strong>, le salon de la construction efficace dans lequel <strong>Le Groupe Afandecor sera pr\u00e9sent du 1er au 3 septembre<\/strong>. \u00c9taient pr\u00e9sents \u00e0 la table institutionnelle de l&#039;\u00e9v\u00e9nement Enrique Maya, maire de Pampelune, et Jos\u00e9 Mar\u00eda Aierdi, deuxi\u00e8me vice-pr\u00e9sident et conseiller de l&#039;Am\u00e9nagement du Territoire, de l&#039;Habitat, du Paysage et des Projets Strat\u00e9giques du Gouvernement de Navarre.<\/p>\n\n\n\n<p>Cette \u00e9dition d&#039;ediFica r\u00e9unira du 1er au 3 septembre cinquante des entreprises les plus importantes du secteur de la construction efficace et durable \u00e0 Pampelune. Parmi eux se trouve<strong> Groupe Afandecor avec son engagement profond en faveur de la construction durable, de l&#039;efficacit\u00e9 \u00e9nerg\u00e9tique et du d\u00e9veloppement de l&#039;autoconsommation.<\/strong> Tous les secteurs d&#039;activit\u00e9 d&#039;Afandecor sont li\u00e9s, d&#039;une mani\u00e8re ou d&#039;une autre, au salon qui se tiendra d\u00e9but septembre.<\/p>\n\n\n\n<p>L&#039;initiative est organis\u00e9e par le Consortium Passivhaus, dont Grupo Afandecor est membre depuis avril dernier, et collabore avec le Gouvernement de Navarre et la Mairie de Pampelune. La pr\u00e9sentation a eu lieu dans la Salle d&#039;Armes des Jardins de la Citadelle de Navarre en pr\u00e9sence de Koldo Monreal, directeur d&#039;ediFica21, Manuel Media, pr\u00e9sident du Consortium Passivhaus, et Miguel Rodr\u00edguez, deuxi\u00e8me vice-pr\u00e9sident de l&#039;entit\u00e9.<\/p>\n\n\n<div class=\"wp-block-image\">\n<figure class=\"aligncenter size-large is-resized\"><img loading=\"lazy\" decoding=\"async\" src=\"https:\/\/www.afandecor.es\/wp-content\/uploads\/2021\/06\/Presentacion-ediFica-1024x768.jpg\" alt=\"\" class=\"wp-image-1461\" width=\"800\" height=\"600\" srcset=\"https:\/\/www.afandecor.es\/wp-content\/uploads\/2021\/06\/Presentacion-ediFica-1024x768.jpg 1024w, https:\/\/www.afandecor.es\/wp-content\/uploads\/2021\/06\/Presentacion-ediFica-300x225.jpg 300w, https:\/\/www.afandecor.es\/wp-content\/uploads\/2021\/06\/Presentacion-ediFica-768x576.jpg 768w, https:\/\/www.afandecor.es\/wp-content\/uploads\/2021\/06\/Presentacion-ediFica-1536x1152.jpg 1536w, https:\/\/www.afandecor.es\/wp-content\/uploads\/2021\/06\/Presentacion-ediFica-195x146.jpg 195w, https:\/\/www.afandecor.es\/wp-content\/uploads\/2021\/06\/Presentacion-ediFica-50x38.jpg 50w, https:\/\/www.afandecor.es\/wp-content\/uploads\/2021\/06\/Presentacion-ediFica-100x75.jpg 100w, https:\/\/www.afandecor.es\/wp-content\/uploads\/2021\/06\/Presentacion-ediFica.jpg 2048w\" sizes=\"auto, (max-width: 800px) 100vw, 800px\" \/><\/figure>\n<\/div>\n\n\n<p>Apr\u00e8s la pr\u00e9sentation, une discussion a eu lieu divis\u00e9e en tables th\u00e9matiques auxquelles ont particip\u00e9 certaines des entreprises du consortium. Ces espaces ont \u00e9t\u00e9 le pr\u00e9lude aux forums de d\u00e9bat qui se tiendront \u00e0 ediFica21 et dans lesquels le Grupo Afandecor sera pr\u00e9sent.<\/p>\n\n\n\n<p>La rencontre ediFica21 souhaite souligner l&#039;importance de la construction durable de mani\u00e8re transversale, depuis la conception de b\u00e2timents \u00e0 faible demande \u00e9nerg\u00e9tique jusqu&#039;aux b\u00e2timents g\u00e9n\u00e9rateurs d&#039;\u00e9nergie. Il vise \u00e9galement \u00e0 explorer l&#039;opportunit\u00e9 qui existe sur le march\u00e9 de la r\u00e9habilitation \u00e9nerg\u00e9tique des b\u00e2timents, la durabilit\u00e9, la circularit\u00e9, la mobilit\u00e9 durable et l&#039;impact positif de toutes ces strat\u00e9gies dans les zones urbaines et rurales.<\/p>\n\n\n\n<p>La derni\u00e8re \u00e9dition d&#039;ediFica, qui s&#039;est tenue en 2019, a r\u00e9ussi \u00e0 attirer pr\u00e8s de 4 000 visiteurs lors de la derni\u00e8re \u00e9dition, 60% du milieu professionnel et 40% du grand public, elle comptait 40 entreprises exposantes et repr\u00e9sentait pr\u00e8s de 400 entreprises du secteur.<\/p>","protected":false},"excerpt":{"rendered":"<p>El pasado mi\u00e9rcoles se celebr\u00f3 la presentaci\u00f3n de ediFica21, la feria de la construcci\u00f3n eficiente en la que Grupo Afandecor estar\u00e1 presente del 1 al 3<span class=\"excerpt-hellip\"> [\u2026]<\/span><\/p>\n","protected":false},"author":9,"featured_media":1462,"comment_status":"open","ping_status":"open","sticky":false,"template":"","format":"image","meta":{"footnotes":""},"categories":[21],"tags":[],"class_list":["post-1460","post","type-post","status-publish","format-image","has-post-thumbnail","hentry","category-construccion-eficiente","post_format-post-format-image"],"_links":{"self":[{"href":"https:\/\/www.afandecor.es\/fr\/wp-json\/wp\/v2\/posts\/1460","targetHints":{"allow":["GET"]}}],"collection":[{"href":"https:\/\/www.afandecor.es\/fr\/wp-json\/wp\/v2\/posts"}],"about":[{"href":"https:\/\/www.afandecor.es\/fr\/wp-json\/wp\/v2\/types\/post"}],"author":[{"embeddable":true,"href":"https:\/\/www.afandecor.es\/fr\/wp-json\/wp\/v2\/users\/9"}],"replies":[{"embeddable":true,"href":"https:\/\/www.afandecor.es\/fr\/wp-json\/wp\/v2\/comments?post=1460"}],"version-history":[{"count":4,"href":"https:\/\/www.afandecor.es\/fr\/wp-json\/wp\/v2\/posts\/1460\/revisions"}],"predecessor-version":[{"id":2250,"href":"https:\/\/www.afandecor.es\/fr\/wp-json\/wp\/v2\/posts\/1460\/revisions\/2250"}],"wp:featuredmedia":[{"embeddable":true,"href":"https:\/\/www.afandecor.es\/fr\/wp-json\/wp\/v2\/media\/1462"}],"wp:attachment":[{"href":"https:\/\/www.afandecor.es\/fr\/wp-json\/wp\/v2\/media?parent=1460"}],"wp:term":[{"taxonomy":"category","embeddable":true,"href":"https:\/\/www.afandecor.es\/fr\/wp-json\/wp\/v2\/categories?post=1460"},{"taxonomy":"post_tag","embeddable":true,"href":"https:\/\/www.afandecor.es\/fr\/wp-json\/wp\/v2\/tags?post=1460"}],"curies":[{"name":"wp","href":"https:\/\/api.w.org\/{rel}","templated":true}]}}