{"id":1448,"date":"2021-06-21T11:08:26","date_gmt":"2021-06-21T11:08:26","guid":{"rendered":"https:\/\/www.afandecor.es\/?p=1448"},"modified":"2023-06-08T10:26:12","modified_gmt":"2023-06-08T10:26:12","slug":"ana-antes-de-afandecor-perdia-dos-grados-en-casa","status":"publish","type":"post","link":"https:\/\/www.afandecor.es\/fr\/2021\/06\/21\/ana-antes-de-afandecor-perdia-dos-grados-en-casa\/","title":{"rendered":"<p style=\"text-align: center; font-size: 33px; line-height: 28px;\">Ana : \u00ab Avant Afandecor, je perdais deux notes \u00e0 la maison \u00bb<\/p>"},"content":{"rendered":"<p>L&#039;installation de fen\u00eatres peut signifier une grande am\u00e9lioration du confort d&#039;une maison et de ses habitants. C&#039;est le cas d&#039;Ana, une cliente d&#039;Afandecor qui a fait installer de nouvelles fen\u00eatres en aluminium par une autre entreprise au cours de la derni\u00e8re ann\u00e9e. Le r\u00e9sultat final de cette installation fut un d\u00e9sastre en termes d\u2019isolation thermique. La grande fen\u00eatre laissait \u00e9chapper de l&#039;air et du froid de l&#039;ext\u00e9rieur en raison d&#039;un mauvais assemblage et rendait la maison a\u00e9r\u00e9e pendant l&#039;hiver. <em>\u00ab Deux degr\u00e9s de temp\u00e9rature en moins qu&#039;avec les vieilles fen\u00eatres \u00bb<\/em>. Cette situation inefficace a caus\u00e9 \u00e0 la propri\u00e9taire une augmentation consid\u00e9rable de sa facture de chauffage et un inconfort constant pendant les mois d&#039;hiver qui l&#039;ont oblig\u00e9e \u00e0 chercher une solution imm\u00e9diate.<\/p>\n\n\n\n<p>Pour r\u00e9aliser la nouvelle installation, Ana a souhait\u00e9 s&#039;assurer les meilleurs professionnels et a contact\u00e9 les techniciens commerciaux du Grupo Afandecor apr\u00e8s la recommandation de certaines connaissances. Ces anciens clients avaient d\u00e9j\u00e0 fait confiance \u00e0 la marque leader dans la fabrication et l&#039;installation de fen\u00eatres \u00e0 haute performance de la Communaut\u00e9 de Madrid, Grupo Afandecor, et les r\u00e9sultats ont \u00e9t\u00e9 extr\u00eamement satisfaisants. Apr\u00e8s la mauvaise exp\u00e9rience avec une autre entreprise, Ana a pu visiter notre exposition \u00e0 Villaviciosa pour voir personnellement les multiples options disponibles et m\u00eame v\u00e9rifier le r\u00e9sultat final de l&#039;installation que les installateurs d&#039;Afandecor avaient r\u00e9alis\u00e9e dans une autre maison.<\/p>\n\n\n<div class=\"wp-block-image\">\n<figure class=\"aligncenter size-large is-resized\"><img loading=\"lazy\" decoding=\"async\" src=\"https:\/\/www.afandecor.es\/wp-content\/uploads\/2021\/06\/4-1024x768.png\" alt=\"\" class=\"wp-image-1452\" width=\"559\" height=\"418\" srcset=\"https:\/\/www.afandecor.es\/wp-content\/uploads\/2021\/06\/4-1024x768.png 1024w, https:\/\/www.afandecor.es\/wp-content\/uploads\/2021\/06\/4-300x225.png 300w, https:\/\/www.afandecor.es\/wp-content\/uploads\/2021\/06\/4-768x576.png 768w, https:\/\/www.afandecor.es\/wp-content\/uploads\/2021\/06\/4-1536x1152.png 1536w, https:\/\/www.afandecor.es\/wp-content\/uploads\/2021\/06\/4-195x146.png 195w, https:\/\/www.afandecor.es\/wp-content\/uploads\/2021\/06\/4-50x38.png 50w, https:\/\/www.afandecor.es\/wp-content\/uploads\/2021\/06\/4-100x75.png 100w, https:\/\/www.afandecor.es\/wp-content\/uploads\/2021\/06\/4.png 2000w\" sizes=\"auto, (max-width: 559px) 100vw, 559px\" \/><\/figure>\n<\/div>\n\n\n<p>Apr\u00e8s m\u00fbre r\u00e9flexion, et gr\u00e2ce aux conseils des commerciaux du Groupe Afandecor form\u00e9s en efficacit\u00e9 \u00e9nerg\u00e9tique, le client a opt\u00e9 pour l&#039;isolation thermique propos\u00e9e par les fen\u00eatres PVC de la marque K\u00d6MMERLING r\u00e9alis\u00e9es avec le syst\u00e8me EUROFUTUR 70 avec menuiserie blanche pour l&#039;int\u00e9rieur et l&#039;ext\u00e9rieur. Les r\u00e9sultats ne pourraient pas \u00eatre meilleurs et Ana est extr\u00eamement satisfaite de la qualit\u00e9 de l&#039;installation et des \u00e9conomies consid\u00e9rables r\u00e9alis\u00e9es sur sa facture de chauffage mensuelle.<\/p>\n\n\n\n<p>Comme nous le dit Ana, <em>&quot;L&#039;ensemble du processus de vente s&#039;est d\u00e9roul\u00e9 sans probl\u00e8me et je suis ravi du r\u00e9sultat.&quot;<\/em> Les installateurs du Groupe Afandecor se sont rendus chez lui et ont travaill\u00e9 \u00e0 la pi\u00e8ce pendant une journ\u00e9e et demie pour terminer l&#039;assemblage des deux grandes fen\u00eatres du salon et de la chambre principale. <em>\u00ab Leur travail \u00e9tait rapide, propre et sans tracas \u00bb<\/em>, dit Ana en montrant fi\u00e8rement le r\u00e9sultat final.<\/p>\n\n\n<div class=\"wp-block-image\">\n<figure class=\"aligncenter size-large is-resized\"><img loading=\"lazy\" decoding=\"async\" src=\"https:\/\/www.afandecor.es\/wp-content\/uploads\/2021\/06\/3-1024x768.png\" alt=\"\" class=\"wp-image-1451\" width=\"561\" height=\"420\" srcset=\"https:\/\/www.afandecor.es\/wp-content\/uploads\/2021\/06\/3-1024x768.png 1024w, https:\/\/www.afandecor.es\/wp-content\/uploads\/2021\/06\/3-300x225.png 300w, https:\/\/www.afandecor.es\/wp-content\/uploads\/2021\/06\/3-768x576.png 768w, https:\/\/www.afandecor.es\/wp-content\/uploads\/2021\/06\/3-1536x1152.png 1536w, https:\/\/www.afandecor.es\/wp-content\/uploads\/2021\/06\/3-195x146.png 195w, https:\/\/www.afandecor.es\/wp-content\/uploads\/2021\/06\/3-50x38.png 50w, https:\/\/www.afandecor.es\/wp-content\/uploads\/2021\/06\/3-100x75.png 100w, https:\/\/www.afandecor.es\/wp-content\/uploads\/2021\/06\/3.png 2000w\" sizes=\"auto, (max-width: 561px) 100vw, 561px\" \/><\/figure>\n<\/div>\n\n\n<p>Cette installation se distingue non seulement par ses performances spectaculaires en termes d&#039;isolation thermique, mais elle a \u00e9galement contribu\u00e9 \u00e0 am\u00e9liorer l&#039;entr\u00e9e de la lumi\u00e8re naturelle dans la maison. De la m\u00eame mani\u00e8re, le syst\u00e8me d&#039;ouverture oscillo-battant permet \u00e0 Ana d&#039;ouvrir partiellement les fen\u00eatres et d&#039;a\u00e9rer la maison sans trop de perte de temp\u00e9rature int\u00e9rieure.<\/p>","protected":false},"excerpt":{"rendered":"<p>Una instalaci\u00f3n de ventanas puede suponer una gran mejora en el confort de un hogar y sus habitantes. Es el caso de Ana, una clienta de<span class=\"excerpt-hellip\"> [\u2026]<\/span><\/p>\n","protected":false},"author":9,"featured_media":1450,"comment_status":"open","ping_status":"open","sticky":false,"template":"","format":"image","meta":{"footnotes":""},"categories":[17,19],"tags":[],"class_list":["post-1448","post","type-post","status-publish","format-image","has-post-thumbnail","hentry","category-rehabilitacion-energetica","category-ventanas","post_format-post-format-image"],"_links":{"self":[{"href":"https:\/\/www.afandecor.es\/fr\/wp-json\/wp\/v2\/posts\/1448","targetHints":{"allow":["GET"]}}],"collection":[{"href":"https:\/\/www.afandecor.es\/fr\/wp-json\/wp\/v2\/posts"}],"about":[{"href":"https:\/\/www.afandecor.es\/fr\/wp-json\/wp\/v2\/types\/post"}],"author":[{"embeddable":true,"href":"https:\/\/www.afandecor.es\/fr\/wp-json\/wp\/v2\/users\/9"}],"replies":[{"embeddable":true,"href":"https:\/\/www.afandecor.es\/fr\/wp-json\/wp\/v2\/comments?post=1448"}],"version-history":[{"count":5,"href":"https:\/\/www.afandecor.es\/fr\/wp-json\/wp\/v2\/posts\/1448\/revisions"}],"predecessor-version":[{"id":2251,"href":"https:\/\/www.afandecor.es\/fr\/wp-json\/wp\/v2\/posts\/1448\/revisions\/2251"}],"wp:featuredmedia":[{"embeddable":true,"href":"https:\/\/www.afandecor.es\/fr\/wp-json\/wp\/v2\/media\/1450"}],"wp:attachment":[{"href":"https:\/\/www.afandecor.es\/fr\/wp-json\/wp\/v2\/media?parent=1448"}],"wp:term":[{"taxonomy":"category","embeddable":true,"href":"https:\/\/www.afandecor.es\/fr\/wp-json\/wp\/v2\/categories?post=1448"},{"taxonomy":"post_tag","embeddable":true,"href":"https:\/\/www.afandecor.es\/fr\/wp-json\/wp\/v2\/tags?post=1448"}],"curies":[{"name":"wp","href":"https:\/\/api.w.org\/{rel}","templated":true}]}}