{"id":1416,"date":"2021-06-14T10:25:53","date_gmt":"2021-06-14T10:25:53","guid":{"rendered":"https:\/\/www.afandecor.es\/?p=1416"},"modified":"2023-06-08T10:27:47","modified_gmt":"2023-06-08T10:27:47","slug":"el-papel-de-las-ventanas-en-las-viviendas-passivhaus","status":"publish","type":"post","link":"https:\/\/www.afandecor.es\/fr\/2021\/06\/14\/el-papel-de-las-ventanas-en-las-viviendas-passivhaus\/","title":{"rendered":"<p style=\"text-align: center; font-size: 33px; line-height: 28px;\">Le r\u00f4le des fen\u00eatres dans les maisons Passivhaus<\/p>"},"content":{"rendered":"<p>La norme Passivhaus comprend une s\u00e9rie de param\u00e8tres dans la fabrication, l&#039;installation et la construction de maisons pour garantir qu&#039;elles n\u00e9cessitent beaucoup moins d&#039;\u00e9nergie et qu&#039;elles sont plus efficaces et durables. Ainsi, le b\u00e2timent passif est un type de construction durable ax\u00e9 sur la r\u00e9duction maximale de l&#039;\u00e9nergie n\u00e9cessaire \u00e0 sa climatisation, parvenant \u00e0 maintenir une temp\u00e9rature constante et confortable gr\u00e2ce \u00e0 l&#039;optimisation des ressources existantes. C\u2019est en somme un engagement envers les b\u00e2timents \u00e0 venir.<\/p>\n\n\n\n<p>L&#039;une des exigences essentielles pour qu&#039;une maison soit conforme aux param\u00e8tres Passivhaus est d&#039;installer des fen\u00eatres hautes performances ayant des valeurs de transmission thermique \u00e9lev\u00e9es. De cette fa\u00e7on, une fen\u00eatre de qualit\u00e9 contribue \u00e0 \u00e9liminer le besoin d\u2019une consommation d\u2019\u00e9nergie \u00e9lev\u00e9e pour maintenir le confort int\u00e9rieur de tout b\u00e2timent.<\/p>\n\n\n<div class=\"wp-block-image\">\n<figure class=\"aligncenter size-large is-resized\"><img loading=\"lazy\" decoding=\"async\" src=\"https:\/\/www.afandecor.es\/wp-content\/uploads\/2020\/01\/IMG_3646-Photo-1024x768.jpg\" alt=\"\" class=\"wp-image-1069\" width=\"628\" height=\"471\" srcset=\"https:\/\/www.afandecor.es\/wp-content\/uploads\/2020\/01\/IMG_3646-Photo-1024x768.jpg 1024w, https:\/\/www.afandecor.es\/wp-content\/uploads\/2020\/01\/IMG_3646-Photo-300x225.jpg 300w, https:\/\/www.afandecor.es\/wp-content\/uploads\/2020\/01\/IMG_3646-Photo-768x576.jpg 768w, https:\/\/www.afandecor.es\/wp-content\/uploads\/2020\/01\/IMG_3646-Photo-1536x1152.jpg 1536w, https:\/\/www.afandecor.es\/wp-content\/uploads\/2020\/01\/IMG_3646-Photo-2048x1536.jpg 2048w, https:\/\/www.afandecor.es\/wp-content\/uploads\/2020\/01\/IMG_3646-Photo-195x146.jpg 195w, https:\/\/www.afandecor.es\/wp-content\/uploads\/2020\/01\/IMG_3646-Photo-50x38.jpg 50w, https:\/\/www.afandecor.es\/wp-content\/uploads\/2020\/01\/IMG_3646-Photo-100x75.jpg 100w\" sizes=\"auto, (max-width: 628px) 100vw, 628px\" \/><\/figure>\n<\/div>\n\n\n<p>Au Grupo Afandecor, nous travaillons depuis des ann\u00e9es pour atteindre ces normes et nos coll\u00e8gues sont en formation permanente pour garantir les meilleurs r\u00e9sultats. De l&#039;\u00e9quipe commerciale aux techniciens d&#039;installation, toutes les phases du processus de production chez Afandecor visent \u00e0 obtenir les r\u00e9sultats les plus efficaces. Nous disposons d&#039;assembleurs form\u00e9s pour r\u00e9aliser une installation passive, qui \u00e9limine toute \u00e9ventuelle filtration de l&#039;air ou de l&#039;eau. De plus, Raquel Nombela et Ricardo Valenciano, deux de nos techniciens, ont obtenu ces derniers mois le certificat Passive House d\u00e9livr\u00e9 par le Passive House Institute en Allemagne. En coh\u00e9rence avec toutes ces avanc\u00e9es, Afandecor <strong><a rel=\"noreferrer noopener\" href=\"https:\/\/www.afandecor.es\/fr\/2021\/04\/19\/afandecor-se-une-al-consorcio-passivhaus\/\" data-type=\"URL\" data-id=\"https:\/\/www.afandecor.es\/2021\/04\/19\/afandecor-se-une-al-consorcio-passivhaus\/\" target=\"_blank\">En avril dernier, il a commenc\u00e9 \u00e0 faire partie du Consortium Passivhaus<\/a><\/strong>, une association \u00e0 but non lucratif qui regroupe des entreprises engag\u00e9es pour des b\u00e2timents quasi-z\u00e9ro \u00e9nergie.<\/p>\n\n\n<div class=\"wp-block-image\">\n<figure class=\"aligncenter size-large is-resized\"><img loading=\"lazy\" decoding=\"async\" src=\"https:\/\/www.afandecor.es\/wp-content\/uploads\/2021\/06\/E17F9ghXEAICumU-1024x768.jpg\" alt=\"\" class=\"wp-image-1418\" width=\"707\" height=\"530\" srcset=\"https:\/\/www.afandecor.es\/wp-content\/uploads\/2021\/06\/E17F9ghXEAICumU-1024x768.jpg 1024w, https:\/\/www.afandecor.es\/wp-content\/uploads\/2021\/06\/E17F9ghXEAICumU-300x225.jpg 300w, https:\/\/www.afandecor.es\/wp-content\/uploads\/2021\/06\/E17F9ghXEAICumU-768x576.jpg 768w, https:\/\/www.afandecor.es\/wp-content\/uploads\/2021\/06\/E17F9ghXEAICumU-1536x1152.jpg 1536w, https:\/\/www.afandecor.es\/wp-content\/uploads\/2021\/06\/E17F9ghXEAICumU-195x146.jpg 195w, https:\/\/www.afandecor.es\/wp-content\/uploads\/2021\/06\/E17F9ghXEAICumU-50x38.jpg 50w, https:\/\/www.afandecor.es\/wp-content\/uploads\/2021\/06\/E17F9ghXEAICumU-100x75.jpg 100w, https:\/\/www.afandecor.es\/wp-content\/uploads\/2021\/06\/E17F9ghXEAICumU.jpg 2048w\" sizes=\"auto, (max-width: 707px) 100vw, 707px\" \/><\/figure>\n<\/div>\n\n\n<p>Les fen\u00eatres \u00e0 haute performance sont celles dot\u00e9es d&#039;un triple vitrage, de profils \u00e0 haute efficacit\u00e9 (en particulier avec des valeurs de transmission thermique \u00e9lev\u00e9es) et de ferrures garantissant une \u00e9tanch\u00e9it\u00e9 maximale \u00e0 l&#039;air. L&#039;avantage le plus \u00e9vident de ces fen\u00eatres est qu&#039;elles apportent un plus grand bien-\u00eatre aux habitants de la maison, en maintenant une temp\u00e9rature int\u00e9rieure confortable aussi bien en hiver qu&#039;en \u00e9t\u00e9. Gr\u00e2ce \u00e0 cette plus grande isolation thermique, les \u00e9conomies \u00e9conomiques sont notables d\u00e8s la premi\u00e8re facture et peuvent atteindre jusqu&#039;\u00e0 90% si elles sont combin\u00e9es avec d&#039;autres types d&#039;installations passives telles que des panneaux sandwich ou des rubans expansibles.<\/p>","protected":false},"excerpt":{"rendered":"<p>El est\u00e1ndar Passivhaus consiste en una serie de par\u00e1metros en fabricaci\u00f3n, instalaci\u00f3n y construcci\u00f3n de viviendas para lograr que \u00e9stas necesiten much\u00edsima menos energ\u00eda y sean<span class=\"excerpt-hellip\"> [\u2026]<\/span><\/p>\n","protected":false},"author":9,"featured_media":776,"comment_status":"open","ping_status":"open","sticky":false,"template":"","format":"image","meta":{"footnotes":""},"categories":[21],"tags":[],"class_list":["post-1416","post","type-post","status-publish","format-image","has-post-thumbnail","hentry","category-construccion-eficiente","post_format-post-format-image"],"_links":{"self":[{"href":"https:\/\/www.afandecor.es\/fr\/wp-json\/wp\/v2\/posts\/1416","targetHints":{"allow":["GET"]}}],"collection":[{"href":"https:\/\/www.afandecor.es\/fr\/wp-json\/wp\/v2\/posts"}],"about":[{"href":"https:\/\/www.afandecor.es\/fr\/wp-json\/wp\/v2\/types\/post"}],"author":[{"embeddable":true,"href":"https:\/\/www.afandecor.es\/fr\/wp-json\/wp\/v2\/users\/9"}],"replies":[{"embeddable":true,"href":"https:\/\/www.afandecor.es\/fr\/wp-json\/wp\/v2\/comments?post=1416"}],"version-history":[{"count":8,"href":"https:\/\/www.afandecor.es\/fr\/wp-json\/wp\/v2\/posts\/1416\/revisions"}],"predecessor-version":[{"id":2252,"href":"https:\/\/www.afandecor.es\/fr\/wp-json\/wp\/v2\/posts\/1416\/revisions\/2252"}],"wp:featuredmedia":[{"embeddable":true,"href":"https:\/\/www.afandecor.es\/fr\/wp-json\/wp\/v2\/media\/776"}],"wp:attachment":[{"href":"https:\/\/www.afandecor.es\/fr\/wp-json\/wp\/v2\/media?parent=1416"}],"wp:term":[{"taxonomy":"category","embeddable":true,"href":"https:\/\/www.afandecor.es\/fr\/wp-json\/wp\/v2\/categories?post=1416"},{"taxonomy":"post_tag","embeddable":true,"href":"https:\/\/www.afandecor.es\/fr\/wp-json\/wp\/v2\/tags?post=1416"}],"curies":[{"name":"wp","href":"https:\/\/api.w.org\/{rel}","templated":true}]}}