{"id":1407,"date":"2021-06-08T10:16:05","date_gmt":"2021-06-08T10:16:05","guid":{"rendered":"https:\/\/www.afandecor.es\/?p=1407"},"modified":"2023-06-08T10:27:56","modified_gmt":"2023-06-08T10:27:56","slug":"magnifico-caso-de-aislamiento-acustico-en-una-centrica-calle-de-madrid","status":"publish","type":"post","link":"https:\/\/www.afandecor.es\/fr\/2021\/06\/08\/magnifico-caso-de-aislamiento-acustico-en-una-centrica-calle-de-madrid\/","title":{"rendered":"<p style=\"text-align: center; font-size: 33px; line-height: 28px;\">Magnifique cas d&#039;isolation acoustique dans une rue centrale de Madrid<\/p>"},"content":{"rendered":"<p>Il y a quelques mois, Carmen a contact\u00e9 le service commercial d&#039;Afandecor afin de remplacer ses anciennes fen\u00eatres. Parmi les probl\u00e8mes d\u00e9tect\u00e9s, il y en avait un qui inqui\u00e9tait beaucoup le client : le bruit qui filtrait par la fen\u00eatre du salon donnant directement sur une rue centrale du quartier Embajadores (Madrid). De plus, l&#039;enceinte n&#039;\u00e9tait pas enti\u00e8rement efficace et il y avait une fissure de plus en plus grande entre la fa\u00e7ade et la fen\u00eatre install\u00e9e. Le changement d\u2019habitudes d\u00fb \u00e0 la pand\u00e9mie a amen\u00e9 le client, qui passait de plus en plus d\u2019heures par jour \u00e0 la maison, \u00e0 d\u00e9cider de remplacer les fen\u00eatres.<\/p>\n\n\n\n<p>Carmen, sur la recommandation d&#039;une connaissance, a clairement indiqu\u00e9 qu&#039;elle souhaitait des fen\u00eatres de la marque Cortizo. C&#039;est pour cette raison que nos techniciens ont convenu avec elle de trois installations de la s\u00e9rie de vantaux cach\u00e9s COR-70 pour le salon, la cuisine et la pi\u00e8ce secondaire. Ce type de fen\u00eatres en aluminium allie esth\u00e9tique et luminosit\u00e9, avec de grandes performances thermiques et acoustiques. Il nous permet de voir seulement 66 mm du profil de l&#039;ext\u00e9rieur, avec une plus grande surface vitr\u00e9e et donc une plus grande luminosit\u00e9.<\/p>\n\n\n<div class=\"wp-block-image\">\n<figure class=\"aligncenter size-large is-resized\"><img loading=\"lazy\" decoding=\"async\" src=\"https:\/\/www.afandecor.es\/wp-content\/uploads\/2021\/06\/IMG20210604110713-1024x768.jpg\" alt=\"\" class=\"wp-image-1411\" width=\"649\" height=\"487\" srcset=\"https:\/\/www.afandecor.es\/wp-content\/uploads\/2021\/06\/IMG20210604110713-1024x768.jpg 1024w, https:\/\/www.afandecor.es\/wp-content\/uploads\/2021\/06\/IMG20210604110713-300x225.jpg 300w, https:\/\/www.afandecor.es\/wp-content\/uploads\/2021\/06\/IMG20210604110713-768x576.jpg 768w, https:\/\/www.afandecor.es\/wp-content\/uploads\/2021\/06\/IMG20210604110713-1536x1152.jpg 1536w, https:\/\/www.afandecor.es\/wp-content\/uploads\/2021\/06\/IMG20210604110713-2048x1536.jpg 2048w, https:\/\/www.afandecor.es\/wp-content\/uploads\/2021\/06\/IMG20210604110713-195x146.jpg 195w, https:\/\/www.afandecor.es\/wp-content\/uploads\/2021\/06\/IMG20210604110713-50x38.jpg 50w, https:\/\/www.afandecor.es\/wp-content\/uploads\/2021\/06\/IMG20210604110713-100x75.jpg 100w\" sizes=\"auto, (max-width: 649px) 100vw, 649px\" \/><\/figure>\n<\/div>\n\n\n<p>La satisfaction des clients du Grupo Afandecor est absolue. Depuis le d\u00e9but du processus d\u2019installation, il n\u2019a remarqu\u00e9 que l\u2019am\u00e9lioration que procure le fait d\u2019avoir des fen\u00eatres modernes et efficaces. Premi\u00e8rement, dans la baie vitr\u00e9e du salon, il a pu r\u00e9soudre les probl\u00e8mes de filtration de l\u2019air et de bruit. La circulation dans la rue principale n&#039;est plus un casse-t\u00eate et la transmission thermique s&#039;est consid\u00e9rablement am\u00e9lior\u00e9e. L&#039;installation d&#039;un store motoris\u00e9 permet \u00e9galement d&#039;\u00e9viter les ponts thermiques, les fuites de chaleur vers l&#039;ext\u00e9rieur, et constitue un confort suppl\u00e9mentaire pour votre habitation. De plus, la possibilit\u00e9 d&#039;utiliser une couleur blanche pour le mince profil int\u00e9rieur a permis d&#039;am\u00e9liorer la luminosit\u00e9 et de maximiser les possibilit\u00e9s d&#039;un point de vue aussi spectaculaire que celui que la cliente avait install\u00e9 chez elle. Avant le travail d&#039;Afandecor, la cliente avait un profil plus \u00e9pais et rouge\u00e2tre qui ne lui permettait pas de profiter pleinement de la lumi\u00e8re naturelle entrant par la fen\u00eatre.<\/p>\n\n\n<div class=\"wp-block-image\">\n<figure class=\"aligncenter size-large is-resized\"><img loading=\"lazy\" decoding=\"async\" src=\"https:\/\/www.afandecor.es\/wp-content\/uploads\/2021\/06\/IMG20210604110730-1024x768.jpg\" alt=\"\" class=\"wp-image-1412\" width=\"632\" height=\"474\" srcset=\"https:\/\/www.afandecor.es\/wp-content\/uploads\/2021\/06\/IMG20210604110730-1024x768.jpg 1024w, https:\/\/www.afandecor.es\/wp-content\/uploads\/2021\/06\/IMG20210604110730-300x225.jpg 300w, https:\/\/www.afandecor.es\/wp-content\/uploads\/2021\/06\/IMG20210604110730-768x576.jpg 768w, https:\/\/www.afandecor.es\/wp-content\/uploads\/2021\/06\/IMG20210604110730-1536x1152.jpg 1536w, https:\/\/www.afandecor.es\/wp-content\/uploads\/2021\/06\/IMG20210604110730-2048x1536.jpg 2048w, https:\/\/www.afandecor.es\/wp-content\/uploads\/2021\/06\/IMG20210604110730-195x146.jpg 195w, https:\/\/www.afandecor.es\/wp-content\/uploads\/2021\/06\/IMG20210604110730-50x38.jpg 50w, https:\/\/www.afandecor.es\/wp-content\/uploads\/2021\/06\/IMG20210604110730-100x75.jpg 100w\" sizes=\"auto, (max-width: 632px) 100vw, 632px\" \/><\/figure>\n<\/div>\n\n\n<p>Dans la cuisine, le client appr\u00e9cie grandement le m\u00e9canisme oscillo-battant qui permet d&#039;a\u00e9rer la pi\u00e8ce sans avoir \u00e0 ouvrir compl\u00e8tement la fen\u00eatre. Il s\u2019agit d\u2019un avantage important pour les mois les plus froids et d\u2019un facteur de diff\u00e9renciation par rapport aux anciennes fen\u00eatres install\u00e9es. La m\u00eame chose se produit avec l\u2019installation de la pi\u00e8ce secondaire.<\/p>\n\n\n<div class=\"wp-block-image\">\n<figure class=\"aligncenter size-large is-resized\"><img loading=\"lazy\" decoding=\"async\" src=\"https:\/\/www.afandecor.es\/wp-content\/uploads\/2021\/06\/IMG20210604110443-1024x768.jpg\" alt=\"\" class=\"wp-image-1408\" width=\"685\" height=\"513\" srcset=\"https:\/\/www.afandecor.es\/wp-content\/uploads\/2021\/06\/IMG20210604110443-1024x768.jpg 1024w, https:\/\/www.afandecor.es\/wp-content\/uploads\/2021\/06\/IMG20210604110443-300x225.jpg 300w, https:\/\/www.afandecor.es\/wp-content\/uploads\/2021\/06\/IMG20210604110443-768x576.jpg 768w, https:\/\/www.afandecor.es\/wp-content\/uploads\/2021\/06\/IMG20210604110443-1536x1152.jpg 1536w, https:\/\/www.afandecor.es\/wp-content\/uploads\/2021\/06\/IMG20210604110443-2048x1536.jpg 2048w, https:\/\/www.afandecor.es\/wp-content\/uploads\/2021\/06\/IMG20210604110443-195x146.jpg 195w, https:\/\/www.afandecor.es\/wp-content\/uploads\/2021\/06\/IMG20210604110443-50x38.jpg 50w, https:\/\/www.afandecor.es\/wp-content\/uploads\/2021\/06\/IMG20210604110443-100x75.jpg 100w\" sizes=\"auto, (max-width: 685px) 100vw, 685px\" \/><\/figure>\n<\/div>\n\n\n<p>Bref, Carmen est satisfaite de tout le processus avec Afandecor, du premier contact commercial au service apr\u00e8s-vente. Parmi les avantages comp\u00e9titifs du Grupo Afandecor, la cliente souligne que les d\u00e9lais d&#039;installation ont \u00e9t\u00e9 respect\u00e9s et que l&#039;\u00e9quipe de montage qui s&#039;est d\u00e9plac\u00e9e chez elle <em>&quot;Il \u00e9tait sympathique, rapide et efficace.&quot;<\/em><\/p>","protected":false},"excerpt":{"rendered":"<p>Hace unos meses, Carmen se puso en contacto con el departamento comercial de Afandecor con el fin de sustituir sus ventanas antiguas. &nbsp;Entre los problemas detectados,<span class=\"excerpt-hellip\"> [\u2026]<\/span><\/p>\n","protected":false},"author":9,"featured_media":1410,"comment_status":"open","ping_status":"open","sticky":false,"template":"","format":"image","meta":{"footnotes":""},"categories":[20,19],"tags":[],"class_list":["post-1407","post","type-post","status-publish","format-image","has-post-thumbnail","hentry","category-reformas","category-ventanas","post_format-post-format-image"],"_links":{"self":[{"href":"https:\/\/www.afandecor.es\/fr\/wp-json\/wp\/v2\/posts\/1407","targetHints":{"allow":["GET"]}}],"collection":[{"href":"https:\/\/www.afandecor.es\/fr\/wp-json\/wp\/v2\/posts"}],"about":[{"href":"https:\/\/www.afandecor.es\/fr\/wp-json\/wp\/v2\/types\/post"}],"author":[{"embeddable":true,"href":"https:\/\/www.afandecor.es\/fr\/wp-json\/wp\/v2\/users\/9"}],"replies":[{"embeddable":true,"href":"https:\/\/www.afandecor.es\/fr\/wp-json\/wp\/v2\/comments?post=1407"}],"version-history":[{"count":3,"href":"https:\/\/www.afandecor.es\/fr\/wp-json\/wp\/v2\/posts\/1407\/revisions"}],"predecessor-version":[{"id":2253,"href":"https:\/\/www.afandecor.es\/fr\/wp-json\/wp\/v2\/posts\/1407\/revisions\/2253"}],"wp:featuredmedia":[{"embeddable":true,"href":"https:\/\/www.afandecor.es\/fr\/wp-json\/wp\/v2\/media\/1410"}],"wp:attachment":[{"href":"https:\/\/www.afandecor.es\/fr\/wp-json\/wp\/v2\/media?parent=1407"}],"wp:term":[{"taxonomy":"category","embeddable":true,"href":"https:\/\/www.afandecor.es\/fr\/wp-json\/wp\/v2\/categories?post=1407"},{"taxonomy":"post_tag","embeddable":true,"href":"https:\/\/www.afandecor.es\/fr\/wp-json\/wp\/v2\/tags?post=1407"}],"curies":[{"name":"wp","href":"https:\/\/api.w.org\/{rel}","templated":true}]}}