{"id":1397,"date":"2021-06-07T09:38:37","date_gmt":"2021-06-07T09:38:37","guid":{"rendered":"https:\/\/www.afandecor.es\/?p=1397"},"modified":"2023-06-08T10:28:06","modified_gmt":"2023-06-08T10:28:06","slug":"olvidate-de-tu-electrica-es-el-momento-de-la-energia-solar","status":"publish","type":"post","link":"https:\/\/www.afandecor.es\/fr\/2021\/06\/07\/olvidate-de-tu-electrica-es-el-momento-de-la-energia-solar\/","title":{"rendered":"<p style=\"text-align: center; font-size: 33px; line-height: 28px;\">Oubliez votre \u00e9lectrique ! Il est temps de passer \u00e0 l&#039;\u00e9nergie solaire <\/p>"},"content":{"rendered":"<p>Apr\u00e8s l&#039;entr\u00e9e en vigueur de la nouvelle facture d&#039;\u00e9lectricit\u00e9 le 1er juin, une discrimination horaire est appliqu\u00e9e aux consommateurs par tranches de la journ\u00e9e, avec des horaires moins chers et plus chers selon l&#039;heure de la journ\u00e9e. \u00c0 partir de ce mois-ci, les utilisateurs qui souhaitent utiliser efficacement la lumi\u00e8re seront oblig\u00e9s de concentrer leurs heures de consommation \u00e9lectrique dans les sections de la vall\u00e9e, c&#039;est-\u00e0-dire t\u00f4t le matin en semaine et toute la journ\u00e9e le week-end.<\/p>\n\n\n\n<p>Mais les plages horaires ne sont pas le seul inconv\u00e9nient : le prix de l\u2019\u00e9lectricit\u00e9 a \u00e9galement augment\u00e9 de mani\u00e8re disproportionn\u00e9e l\u2019ann\u00e9e derni\u00e8re et est d\u00e9j\u00e0 plus cher \u00e0 toute heure de la journ\u00e9e. Selon les donn\u00e9es recueillies par la FACUA, le 4 juin, m\u00eame pendant les heures creuses, le prix moyen du kWh \u00e9tait plus cher qu&#039;un an auparavant. Aux heures de pointe, les prix s&#039;envolent jusqu&#039;\u00e0 doubler le chiffre \u00e9tabli un an auparavant. Voici les prix moyens au 4 juin\u00a0:<\/p>\n\n\n\n<ul class=\"wp-block-list\">\n<li>Heures creuses : 13h55<\/li>\n\n\n\n<li>Heure fixe : 17h73<\/li>\n\n\n\n<li>Heure de pointe : 29,99<\/li>\n<\/ul>\n\n\n\n<p>Le m\u00eame jour il y a un an, une moyenne de 13,12 cents par kWh d&#039;\u00e9lectricit\u00e9 \u00e9tait pay\u00e9e, un chiffre encore inf\u00e9rieur aux heures creuses actuelles. Pour toutes ces raisons, chez Afandecor, nous pensons qu&#039;il est temps de laisser les compagnies d&#039;\u00e9lectricit\u00e9 de c\u00f4t\u00e9 et d&#039;opter pour une \u00e9nergie plus propre, plus durable, in\u00e9puisable et, surtout, moins ch\u00e8re.&nbsp;<\/p>\n\n\n\n<div class=\"wp-block-group\"><div class=\"wp-block-group__inner-container is-layout-flow wp-block-group-is-layout-flow\">\n<figure class=\"wp-block-embed is-type-rich is-provider-twitter wp-block-embed-twitter\"><div class=\"wp-block-embed__wrapper\">\n<blockquote class=\"twitter-tweet\" data-width=\"550\" data-dnt=\"true\"><p lang=\"es\" dir=\"ltr\">Voici les prix moyens du kWh d&#039;\u00e9lectricit\u00e9 aujourd&#039;hui, vendredi 4 juin (avec taxes) :<br><br>\ud83e\udd22 Heure creuse, 13h55.<br>\ud83d\ude12 Heure fixe, 17h73<br>\ud83d\ude21 Heure de pointe, 29.99<br><br>Le m\u00eame jour de l&#039;ann\u00e9e derni\u00e8re (c&#039;\u00e9tait jeudi), il \u00e9tait en moyenne 13h12.<br><br>Qu\u2019attend d\u2019autre la CNMC pour annoncer une enqu\u00eate ?<\/p>-FACUA (@FACUA) <a href=\"https:\/\/twitter.com\/FACUA\/status\/1400731822070304768?ref_src=twsrc%5Etfw\">4 juin 2021<\/a><\/blockquote><script async src=\"https:\/\/platform.twitter.com\/widgets.js\" charset=\"utf-8\"><\/script>\n<\/div><\/figure>\n<\/div><\/div>\n\n\n\n<p>L\u2019\u00e9nergie solaire gagne de plus en plus de terrain dans l\u2019usage domestique gr\u00e2ce aux derni\u00e8res modifications l\u00e9gislatives de 2018 et \u00e0 la suppression de la fameuse \u00ab taxe solaire \u00bb. Les habitations et les communaut\u00e9s voisines peuvent b\u00e9n\u00e9ficier des \u00e9conomies d\u2019\u00e9nergie li\u00e9es \u00e0 l\u2019installation de panneaux photovolta\u00efques.<\/p>\n\n\n\n<p>Chez Afandecor Energ\u00eda, nous disposons d&#039;une \u00e9quipe de professionnels hautement qualifi\u00e9s pour que vous puissiez profiter d&#039;une \u00e9nergie efficace et bon march\u00e9. La premi\u00e8re \u00e9tape du processus est le d\u00e9placement d&#039;un de nos techniciens \u00e0 votre domicile pour \u00e9valuer les pi\u00e8ces disponibles pour compl\u00e9ter l&#039;installation. Parall\u00e8lement, nous effectuons une analyse de la derni\u00e8re facture de fourniture d&#039;\u00e9lectricit\u00e9 afin que vous disposiez de chiffres d&#039;\u00e9conomies d\u00e8s le premier contact.<\/p>\n\n\n<div class=\"wp-block-image\">\n<figure class=\"aligncenter size-large is-resized\"><img loading=\"lazy\" decoding=\"async\" src=\"https:\/\/www.afandecor.es\/wp-content\/uploads\/2021\/06\/WhatsApp-Image-2021-05-28-at-11.36.30-1024x768.jpeg\" alt=\"\" class=\"wp-image-1398\" width=\"656\" height=\"492\" srcset=\"https:\/\/www.afandecor.es\/wp-content\/uploads\/2021\/06\/WhatsApp-Image-2021-05-28-at-11.36.30-1024x768.jpeg 1024w, https:\/\/www.afandecor.es\/wp-content\/uploads\/2021\/06\/WhatsApp-Image-2021-05-28-at-11.36.30-300x225.jpeg 300w, https:\/\/www.afandecor.es\/wp-content\/uploads\/2021\/06\/WhatsApp-Image-2021-05-28-at-11.36.30-768x576.jpeg 768w, https:\/\/www.afandecor.es\/wp-content\/uploads\/2021\/06\/WhatsApp-Image-2021-05-28-at-11.36.30-1536x1152.jpeg 1536w, https:\/\/www.afandecor.es\/wp-content\/uploads\/2021\/06\/WhatsApp-Image-2021-05-28-at-11.36.30-195x146.jpeg 195w, https:\/\/www.afandecor.es\/wp-content\/uploads\/2021\/06\/WhatsApp-Image-2021-05-28-at-11.36.30-50x38.jpeg 50w, https:\/\/www.afandecor.es\/wp-content\/uploads\/2021\/06\/WhatsApp-Image-2021-05-28-at-11.36.30-100x75.jpeg 100w, https:\/\/www.afandecor.es\/wp-content\/uploads\/2021\/06\/WhatsApp-Image-2021-05-28-at-11.36.30.jpeg 1600w\" sizes=\"auto, (max-width: 656px) 100vw, 656px\" \/><\/figure>\n<\/div>\n\n\n<p>Avec ces informations, nous proc\u00e9dons \u00e0 une \u00e9tude d\u00e9taill\u00e9e de ce que signifiera l&#039;installation d&#039;une infrastructure de ce type, en tenant compte de questions aussi diverses que le prix, le temps qu&#039;il faudra pour son amortissement et le financement, s&#039;il est n\u00e9cessaire de recourir \u00e0 cette option. De plus, nous prenons les mesures n\u00e9cessaires pour accorder les subventions propos\u00e9es par l&#039;administration.<\/p>\n\n\n\n<p>Parmi les principaux avantages de l\u2019\u00e9nergie solaire, on retrouve les \u00e9conomies importantes sur la facture d\u2019\u00e9lectricit\u00e9. De plus, vous cesserez de d\u00e9pendre des compagnies d\u2019\u00e9lectricit\u00e9 et vous n\u2019aurez plus \u00e0 vous soucier des augmentations constantes des prix ni des fuseaux horaires.<\/p>","protected":false},"excerpt":{"rendered":"<p>Tras la entrada en vigor este 1 de junio de la nueva factura de la luz, se aplica a los consumidores una discriminaci\u00f3n horaria por tramos<span class=\"excerpt-hellip\"> [\u2026]<\/span><\/p>\n","protected":false},"author":9,"featured_media":1399,"comment_status":"open","ping_status":"open","sticky":false,"template":"","format":"image","meta":{"footnotes":""},"categories":[18],"tags":[],"class_list":["post-1397","post","type-post","status-publish","format-image","has-post-thumbnail","hentry","category-energia","post_format-post-format-image"],"_links":{"self":[{"href":"https:\/\/www.afandecor.es\/fr\/wp-json\/wp\/v2\/posts\/1397","targetHints":{"allow":["GET"]}}],"collection":[{"href":"https:\/\/www.afandecor.es\/fr\/wp-json\/wp\/v2\/posts"}],"about":[{"href":"https:\/\/www.afandecor.es\/fr\/wp-json\/wp\/v2\/types\/post"}],"author":[{"embeddable":true,"href":"https:\/\/www.afandecor.es\/fr\/wp-json\/wp\/v2\/users\/9"}],"replies":[{"embeddable":true,"href":"https:\/\/www.afandecor.es\/fr\/wp-json\/wp\/v2\/comments?post=1397"}],"version-history":[{"count":7,"href":"https:\/\/www.afandecor.es\/fr\/wp-json\/wp\/v2\/posts\/1397\/revisions"}],"predecessor-version":[{"id":2254,"href":"https:\/\/www.afandecor.es\/fr\/wp-json\/wp\/v2\/posts\/1397\/revisions\/2254"}],"wp:featuredmedia":[{"embeddable":true,"href":"https:\/\/www.afandecor.es\/fr\/wp-json\/wp\/v2\/media\/1399"}],"wp:attachment":[{"href":"https:\/\/www.afandecor.es\/fr\/wp-json\/wp\/v2\/media?parent=1397"}],"wp:term":[{"taxonomy":"category","embeddable":true,"href":"https:\/\/www.afandecor.es\/fr\/wp-json\/wp\/v2\/categories?post=1397"},{"taxonomy":"post_tag","embeddable":true,"href":"https:\/\/www.afandecor.es\/fr\/wp-json\/wp\/v2\/tags?post=1397"}],"curies":[{"name":"wp","href":"https:\/\/api.w.org\/{rel}","templated":true}]}}