{"id":1382,"date":"2021-06-02T10:30:03","date_gmt":"2021-06-02T10:30:03","guid":{"rendered":"https:\/\/www.afandecor.es\/?p=1382"},"modified":"2023-06-08T10:28:12","modified_gmt":"2023-06-08T10:28:12","slug":"cuanto-mide-la-ventana-mas-grande-del-mundo","status":"publish","type":"post","link":"https:\/\/www.afandecor.es\/fr\/2021\/06\/02\/cuanto-mide-la-ventana-mas-grande-del-mundo\/","title":{"rendered":"<p style=\"text-align: center; font-size: 33px; line-height: 28px;\">Quelle est la longueur de la plus grande fen\u00eatre du monde ?<\/p>"},"content":{"rendered":"<p>Le Livre Guinness des Records a toujours entretenu une relation tr\u00e8s \u00e9troite avec le secteur de la construction. Les meilleurs architectes et ing\u00e9nieurs se sont affront\u00e9s pour d\u00e9fier les lois de la physique et r\u00e9aliser le b\u00e2timent le plus haut du monde (la tour de Jeddah en Arabie Saoudite est en construction pour atteindre le kilom\u00e8tre vertical), le pont le plus long du monde (Danyang-Kushan en Chine avec 164,8 kilom\u00e8tres) ou la plus grande verri\u00e8re (un centre commercial de Macao dont le toit \u00e9quivaut \u00e0 30 courts de tennis en verre).<\/p>\n\n\n<div class=\"wp-block-image\">\n<figure class=\"aligncenter size-large is-resized\"><img loading=\"lazy\" decoding=\"async\" src=\"https:\/\/www.afandecor.es\/wp-content\/uploads\/2021\/06\/lalo-1-1200x1200-1-683x1024.jpg\" alt=\"\" class=\"wp-image-1383\" width=\"465\" height=\"697\" srcset=\"https:\/\/www.afandecor.es\/wp-content\/uploads\/2021\/06\/lalo-1-1200x1200-1-683x1024.jpg 683w, https:\/\/www.afandecor.es\/wp-content\/uploads\/2021\/06\/lalo-1-1200x1200-1-200x300.jpg 200w, https:\/\/www.afandecor.es\/wp-content\/uploads\/2021\/06\/lalo-1-1200x1200-1-768x1152.jpg 768w, https:\/\/www.afandecor.es\/wp-content\/uploads\/2021\/06\/lalo-1-1200x1200-1-97x146.jpg 97w, https:\/\/www.afandecor.es\/wp-content\/uploads\/2021\/06\/lalo-1-1200x1200-1-33x50.jpg 33w, https:\/\/www.afandecor.es\/wp-content\/uploads\/2021\/06\/lalo-1-1200x1200-1-50x75.jpg 50w, https:\/\/www.afandecor.es\/wp-content\/uploads\/2021\/06\/lalo-1-1200x1200-1.jpg 800w\" sizes=\"auto, (max-width: 465px) 100vw, 465px\" \/><figcaption class=\"wp-element-caption\">La photographie: <strong>Luc Roymans<\/strong> \/ Sculp IT<\/figcaption><\/figure>\n<\/div>\n\n\n<p>Les fen\u00eatres et les cl\u00f4tures ne font pas exception ; le secteur innove depuis des d\u00e9cennies et obtient des r\u00e9sultats plus efficaces, avec une meilleure isolation thermique et acoustique et adapt\u00e9s \u00e0 tous types de situations. De plus, pour les plus excentriques, il existe des fen\u00eatres qui ont obtenu leur dipl\u00f4me Guinness Record. Cette fen\u00eatre spectaculaire install\u00e9e dans une maison bourgeoise r\u00e9nov\u00e9e \u00e0 Anvers (Belgique) a l&#039;honneur d&#039;\u00eatre la plus grande fen\u00eatre du monde. Les donn\u00e9es sont impressionnantes, mesurant six m\u00e8tres de haut sur trois m\u00e8tres de large et pesant jusqu&#039;\u00e0 quatre tonnes.<\/p>\n\n\n<div class=\"wp-block-image\">\n<figure class=\"aligncenter size-large is-resized\"><img loading=\"lazy\" decoding=\"async\" src=\"https:\/\/www.afandecor.es\/wp-content\/uploads\/2021\/06\/lalo-3-1200x1200-1-683x1024.jpg\" alt=\"\" class=\"wp-image-1384\" width=\"454\" height=\"680\" srcset=\"https:\/\/www.afandecor.es\/wp-content\/uploads\/2021\/06\/lalo-3-1200x1200-1-683x1024.jpg 683w, https:\/\/www.afandecor.es\/wp-content\/uploads\/2021\/06\/lalo-3-1200x1200-1-200x300.jpg 200w, https:\/\/www.afandecor.es\/wp-content\/uploads\/2021\/06\/lalo-3-1200x1200-1-768x1152.jpg 768w, https:\/\/www.afandecor.es\/wp-content\/uploads\/2021\/06\/lalo-3-1200x1200-1-97x146.jpg 97w, https:\/\/www.afandecor.es\/wp-content\/uploads\/2021\/06\/lalo-3-1200x1200-1-33x50.jpg 33w, https:\/\/www.afandecor.es\/wp-content\/uploads\/2021\/06\/lalo-3-1200x1200-1-50x75.jpg 50w, https:\/\/www.afandecor.es\/wp-content\/uploads\/2021\/06\/lalo-3-1200x1200-1.jpg 800w\" sizes=\"auto, (max-width: 454px) 100vw, 454px\" \/><figcaption class=\"wp-element-caption\">La photographie: <strong>Luc Roymans<\/strong> \/ Sculp IT<\/figcaption><\/figure>\n<\/div>\n\n\n<p>Les travaux ont \u00e9t\u00e9 r\u00e9alis\u00e9s par le studio belge Sculp IT, qui s&#039;est charg\u00e9 de toute la r\u00e9habilitation et r\u00e9novation de la maison unifamiliale. L&#039;immense fen\u00eatre \u00e9tait destin\u00e9e \u00e0 r\u00e9soudre un probl\u00e8me structurel de la maison : il n&#039;y avait pas de sortie vers la cour. Les architectes Pieter Peerlings et Silvia Mertens ont opt\u00e9 pour cette innovation afin d&#039;int\u00e9grer pratiquement le jardin dans la maison et de permettre aux nouveaux locataires de profiter de la lumi\u00e8re naturelle et de la vue sur le jardin. Ses dimensions ne sont pas la seule caract\u00e9ristique importante de cette fen\u00eatre, mais elle dispose \u00e9galement de vitrages isolants et d&#039;un syst\u00e8me pivotant pour ouvrir chacun des vantaux.<\/p>","protected":false},"excerpt":{"rendered":"<p>El libro de los R\u00e9cord Guinness siempre ha tenido una relaci\u00f3n muy estrecha con el sector de la construcci\u00f3n. Los mejores arquitectos e ingenieros han competido<span class=\"excerpt-hellip\"> [\u2026]<\/span><\/p>\n","protected":false},"author":9,"featured_media":1385,"comment_status":"open","ping_status":"open","sticky":false,"template":"","format":"image","meta":{"footnotes":""},"categories":[19],"tags":[],"class_list":["post-1382","post","type-post","status-publish","format-image","has-post-thumbnail","hentry","category-ventanas","post_format-post-format-image"],"_links":{"self":[{"href":"https:\/\/www.afandecor.es\/fr\/wp-json\/wp\/v2\/posts\/1382","targetHints":{"allow":["GET"]}}],"collection":[{"href":"https:\/\/www.afandecor.es\/fr\/wp-json\/wp\/v2\/posts"}],"about":[{"href":"https:\/\/www.afandecor.es\/fr\/wp-json\/wp\/v2\/types\/post"}],"author":[{"embeddable":true,"href":"https:\/\/www.afandecor.es\/fr\/wp-json\/wp\/v2\/users\/9"}],"replies":[{"embeddable":true,"href":"https:\/\/www.afandecor.es\/fr\/wp-json\/wp\/v2\/comments?post=1382"}],"version-history":[{"count":5,"href":"https:\/\/www.afandecor.es\/fr\/wp-json\/wp\/v2\/posts\/1382\/revisions"}],"predecessor-version":[{"id":2255,"href":"https:\/\/www.afandecor.es\/fr\/wp-json\/wp\/v2\/posts\/1382\/revisions\/2255"}],"wp:featuredmedia":[{"embeddable":true,"href":"https:\/\/www.afandecor.es\/fr\/wp-json\/wp\/v2\/media\/1385"}],"wp:attachment":[{"href":"https:\/\/www.afandecor.es\/fr\/wp-json\/wp\/v2\/media?parent=1382"}],"wp:term":[{"taxonomy":"category","embeddable":true,"href":"https:\/\/www.afandecor.es\/fr\/wp-json\/wp\/v2\/categories?post=1382"},{"taxonomy":"post_tag","embeddable":true,"href":"https:\/\/www.afandecor.es\/fr\/wp-json\/wp\/v2\/tags?post=1382"}],"curies":[{"name":"wp","href":"https:\/\/api.w.org\/{rel}","templated":true}]}}