{"id":1354,"date":"2021-05-25T11:32:48","date_gmt":"2021-05-25T11:32:48","guid":{"rendered":"https:\/\/www.afandecor.es\/?p=1354"},"modified":"2023-06-08T10:28:35","modified_gmt":"2023-06-08T10:28:35","slug":"maria-jose-estoy-encantada-con-la-instalacion-realizada-por-afandecor","status":"publish","type":"post","link":"https:\/\/www.afandecor.es\/fr\/2021\/05\/25\/maria-jose-estoy-encantada-con-la-instalacion-realizada-por-afandecor\/","title":{"rendered":"<p style=\"text-align: center; font-size: 33px; line-height: 28px;\">Mar\u00eda Jos\u00e9: \u00abJe suis ravie de l&#039;installation r\u00e9alis\u00e9e par Afandecor\u00bb<\/p>"},"content":{"rendered":"<p>Mar\u00eda Jos\u00e9, une cliente d&#039;Afandecor qui a remplac\u00e9 des fen\u00eatres et une baie vitr\u00e9e chez elle au mois de mars, avoue sa satisfaction quant \u00e0 l&#039;installation et au r\u00e9sultat final. Jusqu&#039;\u00e0 pr\u00e9sent, les premiers mois d&#039;installation des nouvelles fen\u00eatres dans la maison ont r\u00e9pondu \u00e0 toutes les attentes en mati\u00e8re de design, de confort et d&#039;isolation.<\/p>\n\n\n\n<p>Depuis qu&#039;elle a contact\u00e9 l&#039;\u00e9quipe commerciale d&#039;Afandecor, Mar\u00eda Jos\u00e9 a \u00e9t\u00e9 tr\u00e8s claire sur les changements qu&#039;elle souhaitait pour sa maison. De cette mani\u00e8re, il entendait mettre fin \u00e0 tous les inconv\u00e9nients li\u00e9s aux fen\u00eatres anciennes, lourdes et inefficaces dont disposait l&#039;appartement d\u00e8s sa construction. Les techniciens d&#039;Afandecor ont pu exaucer tous leurs souhaits et satisfaire leurs demandes d&#039;am\u00e9lioration avec une s\u00e9rie d&#039;installations con\u00e7ues sur mesure qui ont compl\u00e8tement chang\u00e9 la fa\u00e7ade de la maison.<\/p>\n\n\n<div class=\"wp-block-image\">\n<figure class=\"aligncenter size-large is-resized\"><img loading=\"lazy\" decoding=\"async\" src=\"https:\/\/www.afandecor.es\/wp-content\/uploads\/2021\/05\/IMG20210524132443-1024x768.jpg\" alt=\"\" class=\"wp-image-1358\" width=\"699\" height=\"524\" srcset=\"https:\/\/www.afandecor.es\/wp-content\/uploads\/2021\/05\/IMG20210524132443-1024x768.jpg 1024w, https:\/\/www.afandecor.es\/wp-content\/uploads\/2021\/05\/IMG20210524132443-300x225.jpg 300w, https:\/\/www.afandecor.es\/wp-content\/uploads\/2021\/05\/IMG20210524132443-768x576.jpg 768w, https:\/\/www.afandecor.es\/wp-content\/uploads\/2021\/05\/IMG20210524132443-1536x1152.jpg 1536w, https:\/\/www.afandecor.es\/wp-content\/uploads\/2021\/05\/IMG20210524132443-2048x1536.jpg 2048w, https:\/\/www.afandecor.es\/wp-content\/uploads\/2021\/05\/IMG20210524132443-195x146.jpg 195w, https:\/\/www.afandecor.es\/wp-content\/uploads\/2021\/05\/IMG20210524132443-50x38.jpg 50w, https:\/\/www.afandecor.es\/wp-content\/uploads\/2021\/05\/IMG20210524132443-100x75.jpg 100w\" sizes=\"auto, (max-width: 699px) 100vw, 699px\" \/><\/figure>\n<\/div>\n\n\n<p>Premi\u00e8rement, dans la zone principale du salon, il y avait une double fen\u00eatre coulissante qui, selon Mar\u00eda Jos\u00e9 <em>&quot;C&#039;\u00e9tait compliqu\u00e9 \u00e0 ouvrir et, encore plus, \u00e0 nettoyer.&quot; <\/em>Il ne pouvait pas \u00eatre d\u00e9mont\u00e9 et permettait une ouverture limit\u00e9e. Pour r\u00e9soudre ces inconv\u00e9nients, Mar\u00eda Jos\u00e9 a confi\u00e9 \u00e0 Afandecor l&#039;installation de deux fen\u00eatres pliantes-battantes en PVC de la marque K\u00f6mmerling et en verre r\u00e9alis\u00e9 avec le syst\u00e8me EUROFUTUR de 70 mm. Parmi eux se distingue leur <em>&quot;praticit\u00e9 et excellente isolation acoustique, car ils sont plus \u00e9tanches et \u00e9vitent les bruits ext\u00e9rieurs&quot;<\/em>. Bien qu&#039;ils soient beaucoup plus compacts que les anciens, le client est satisfait car ils obtiennent autant d&#039;isolation que les doubles fen\u00eatres.<\/p>\n\n\n\n<p>La partie la plus spectaculaire de la maison est le point de vue du salon, une zone par laquelle p\u00e9n\u00e8tre beaucoup de lumi\u00e8re naturelle gr\u00e2ce \u00e0 son orientation sud-ouest. Avant la r\u00e9novation, la partie centrale de la plate-forme d&#039;observation \u00e9tait une vitre fixe et les c\u00f4t\u00e9s \u00e9taient uniquement rabattables. D\u00e9sormais, 3 fen\u00eatres rabattables\/basculantes ont \u00e9t\u00e9 install\u00e9es qui permettent d&#039;a\u00e9rer la maison selon les besoins et sont beaucoup plus confortables.<\/p>\n\n\n\n<p><\/p>\n\n\n<div class=\"wp-block-image\">\n<figure class=\"aligncenter size-large is-resized\"><img loading=\"lazy\" decoding=\"async\" src=\"https:\/\/www.afandecor.es\/wp-content\/uploads\/2021\/05\/IMG20210524132252-1024x768.jpg\" alt=\"\" class=\"wp-image-1360\" width=\"710\" height=\"532\" srcset=\"https:\/\/www.afandecor.es\/wp-content\/uploads\/2021\/05\/IMG20210524132252-1024x768.jpg 1024w, https:\/\/www.afandecor.es\/wp-content\/uploads\/2021\/05\/IMG20210524132252-300x225.jpg 300w, https:\/\/www.afandecor.es\/wp-content\/uploads\/2021\/05\/IMG20210524132252-768x576.jpg 768w, https:\/\/www.afandecor.es\/wp-content\/uploads\/2021\/05\/IMG20210524132252-1536x1152.jpg 1536w, https:\/\/www.afandecor.es\/wp-content\/uploads\/2021\/05\/IMG20210524132252-2048x1536.jpg 2048w, https:\/\/www.afandecor.es\/wp-content\/uploads\/2021\/05\/IMG20210524132252-195x146.jpg 195w, https:\/\/www.afandecor.es\/wp-content\/uploads\/2021\/05\/IMG20210524132252-50x38.jpg 50w, https:\/\/www.afandecor.es\/wp-content\/uploads\/2021\/05\/IMG20210524132252-100x75.jpg 100w\" sizes=\"auto, (max-width: 710px) 100vw, 710px\" \/><\/figure>\n<\/div>\n\n\n<p>Enfin, Afandecor a \u00e9galement r\u00e9alis\u00e9 le remplacement des fen\u00eatres des chambres de la maison de Mar\u00eda Jos\u00e9. Dans la chambre principale, il y avait deux vieilles fen\u00eatres en aluminium qui couvraient un tr\u00e8s grand espace, puisqu&#039;il s&#039;agissait d&#039;une grande fen\u00eatre. Apr\u00e8s l&#039;arriv\u00e9e de l&#039;\u00e9quipe Afandecor, elle a \u00e9t\u00e9 transform\u00e9e en trois fen\u00eatres oscillo-battantes avec un r\u00e9sultat final beaucoup plus fin et attractif. De plus, deux verres translucides ont \u00e9t\u00e9 install\u00e9s en bas pour augmenter l&#039;intimit\u00e9 de la chambre. Pour finir, Mar\u00eda Jos\u00e9 a opt\u00e9 pour un store motoris\u00e9 dans cette chambre qui, selon ses propres termes, <em>&quot;c&#039;est une merveille&quot;<\/em>. \u00c9tant un si grand store, il a caus\u00e9 beaucoup de probl\u00e8mes et, au fil du temps, les signes de d\u00e9t\u00e9rioration sont devenus \u00e9vidents. Gr\u00e2ce au moteur Somfy, le nouveau store prend moins de place, fait moins de bruit et ne n\u00e9cessite aucun effort pour le monter ou le descendre.<\/p>\n\n\n\n<p><\/p>\n\n\n<div class=\"wp-block-image\">\n<figure class=\"aligncenter size-large is-resized\"><img loading=\"lazy\" decoding=\"async\" src=\"https:\/\/www.afandecor.es\/wp-content\/uploads\/2021\/05\/IMG20210524132859-1024x768.jpg\" alt=\"\" class=\"wp-image-1361\" width=\"685\" height=\"513\" srcset=\"https:\/\/www.afandecor.es\/wp-content\/uploads\/2021\/05\/IMG20210524132859-1024x768.jpg 1024w, https:\/\/www.afandecor.es\/wp-content\/uploads\/2021\/05\/IMG20210524132859-300x225.jpg 300w, https:\/\/www.afandecor.es\/wp-content\/uploads\/2021\/05\/IMG20210524132859-768x576.jpg 768w, https:\/\/www.afandecor.es\/wp-content\/uploads\/2021\/05\/IMG20210524132859-1536x1152.jpg 1536w, https:\/\/www.afandecor.es\/wp-content\/uploads\/2021\/05\/IMG20210524132859-2048x1536.jpg 2048w, https:\/\/www.afandecor.es\/wp-content\/uploads\/2021\/05\/IMG20210524132859-195x146.jpg 195w, https:\/\/www.afandecor.es\/wp-content\/uploads\/2021\/05\/IMG20210524132859-50x38.jpg 50w, https:\/\/www.afandecor.es\/wp-content\/uploads\/2021\/05\/IMG20210524132859-100x75.jpg 100w\" sizes=\"auto, (max-width: 685px) 100vw, 685px\" \/><\/figure>\n<\/div>\n\n\n<p>En r\u00e9sum\u00e9, Mar\u00eda Jos\u00e9 a \u00e9t\u00e9 ravie du traitement re\u00e7u par Afandecor dans toutes les \u00e9tapes du processus de fabrication et d&#039;installation de sa fen\u00eatre. Il a en outre soulign\u00e9 la valeur suppl\u00e9mentaire que <em>\u00abne vous inqui\u00e9tez pas de la paperasse du Plan Renove, puisque Afandecor s&#039;occupe de toutes les d\u00e9marches pour que nous \u00e9conomisions de l&#039;argent\u00bb<\/em>.&nbsp;<\/p>","protected":false},"excerpt":{"rendered":"<p>Mar\u00eda Jos\u00e9, clienta de Afandecor que realiz\u00f3 una sustituci\u00f3n de ventanas y un mirador en su domicilio durante el mes de marzo, nos confiesa su satisfacci\u00f3n<span class=\"excerpt-hellip\"> [\u2026]<\/span><\/p>\n","protected":false},"author":9,"featured_media":1359,"comment_status":"open","ping_status":"open","sticky":false,"template":"","format":"image","meta":{"footnotes":""},"categories":[20,19],"tags":[],"class_list":["post-1354","post","type-post","status-publish","format-image","has-post-thumbnail","hentry","category-reformas","category-ventanas","post_format-post-format-image"],"_links":{"self":[{"href":"https:\/\/www.afandecor.es\/fr\/wp-json\/wp\/v2\/posts\/1354","targetHints":{"allow":["GET"]}}],"collection":[{"href":"https:\/\/www.afandecor.es\/fr\/wp-json\/wp\/v2\/posts"}],"about":[{"href":"https:\/\/www.afandecor.es\/fr\/wp-json\/wp\/v2\/types\/post"}],"author":[{"embeddable":true,"href":"https:\/\/www.afandecor.es\/fr\/wp-json\/wp\/v2\/users\/9"}],"replies":[{"embeddable":true,"href":"https:\/\/www.afandecor.es\/fr\/wp-json\/wp\/v2\/comments?post=1354"}],"version-history":[{"count":5,"href":"https:\/\/www.afandecor.es\/fr\/wp-json\/wp\/v2\/posts\/1354\/revisions"}],"predecessor-version":[{"id":2258,"href":"https:\/\/www.afandecor.es\/fr\/wp-json\/wp\/v2\/posts\/1354\/revisions\/2258"}],"wp:featuredmedia":[{"embeddable":true,"href":"https:\/\/www.afandecor.es\/fr\/wp-json\/wp\/v2\/media\/1359"}],"wp:attachment":[{"href":"https:\/\/www.afandecor.es\/fr\/wp-json\/wp\/v2\/media?parent=1354"}],"wp:term":[{"taxonomy":"category","embeddable":true,"href":"https:\/\/www.afandecor.es\/fr\/wp-json\/wp\/v2\/categories?post=1354"},{"taxonomy":"post_tag","embeddable":true,"href":"https:\/\/www.afandecor.es\/fr\/wp-json\/wp\/v2\/tags?post=1354"}],"curies":[{"name":"wp","href":"https:\/\/api.w.org\/{rel}","templated":true}]}}