{"id":1345,"date":"2021-05-19T08:21:17","date_gmt":"2021-05-19T08:21:17","guid":{"rendered":"https:\/\/www.afandecor.es\/?p=1345"},"modified":"2023-06-08T10:28:45","modified_gmt":"2023-06-08T10:28:45","slug":"los-cantautores-espanoles-que-se-inspiraron-en-las-ventanas","status":"publish","type":"post","link":"https:\/\/www.afandecor.es\/fr\/2021\/05\/19\/los-cantautores-espanoles-que-se-inspiraron-en-las-ventanas\/","title":{"rendered":"<p style=\"text-align: center; font-size: 33px; line-height: 28px;\">Les auteurs-compositeurs-interpr\u00e8tes espagnols inspir\u00e9s par les fen\u00eatres<\/p>"},"content":{"rendered":"<p><strong>La semaine derni\u00e8re, nous avons lanc\u00e9 une section avec l&#039;intention de cr\u00e9er un <a href=\"https:\/\/open.spotify.com\/playlist\/5QeHJnmP0dRUPvxAGA8xyp?si=xSSG6CEXSiWuHXh2ZBxaGg&amp;nd=1\" data-type=\"URL\" data-id=\"https:\/\/open.spotify.com\/playlist\/5QeHJnmP0dRUPvxAGA8xyp?si=xSSG6CEXSiWuHXh2ZBxaGg&amp;nd=1\">Liste de lecture Spotify<\/a> qui contenait toutes les chansons sur les fen\u00eatres que nous pouvions collecter. <a href=\"https:\/\/www.afandecor.es\/fr\/2021\/05\/12\/5-canciones-del-flamenco-con-ventanas\/\" data-type=\"URL\" data-id=\"https:\/\/www.afandecor.es\/2021\/05\/12\/5-canciones-del-flamenco-con-ventanas\/\">On commence par le flamenco<\/a> (et nous avons d\u00e9j\u00e0 une deuxi\u00e8me partie \u00e0 venir), cette semaine nous devons nous concentrer sur les auteurs-compositeurs-interpr\u00e8tes, ces musiciens qui \u00e9crivent, composent et chantent leurs propres chansons. Pour eux, les fen\u00eatres ont toujours \u00e9t\u00e9 une source d&#039;inspiration importante lors de la composition et nous rassemblons aujourd&#039;hui les cinq meilleures m\u00e9lodies qui contiennent dans leurs paroles une r\u00e9f\u00e9rence au monde des fen\u00eatres.<\/strong><\/p>\n\n\n\n<p class=\"has-medium-font-size\"><strong>\u2013 C\u2019est peut-\u00eatre (Conchita)<\/strong><\/p>\n\n\n\n<p>Conchita a sorti ce single en 2008 dans le cadre de l&#039;album <em>&quot;Rien de plus&quot;<\/em>. N\u2019importe qui penserait qu\u2019il fait une publicit\u00e9 pour le Grupo Afandecor : <em>\u00abCette fois, c&#039;est une fen\u00eatre, tr\u00e8s solide, tr\u00e8s r\u00e9sistante et avec vue sur la mer\u00bb<\/em>. Maintenant, il a sorti un nouvel album \u00ab<em>Le voyage<\/em>\u00bb dans lequel elle raconte son chemin difficile vers la maternit\u00e9, au cours duquel elle a pass\u00e9 trois jours dans le coma apr\u00e8s avoir accouch\u00e9. Nous sommes heureux de voir que Conchita, une r\u00e9f\u00e9rence en mati\u00e8re de chansons d&#039;auteur en Espagne, se porte bien et continue de nous ravir avec ses compositions.<\/p>\n\n\n\n<p class=\"has-text-align-center\"><em>Et ils disent que<\/em><\/p>\n\n\n\n<p class=\"has-text-align-center\"><em>Si une porte se ferme, une autre s&#039;ouvre, je ne sais pas <\/em><\/p>\n\n\n\n<p class=\"has-text-align-center\"><em>plus grand, plus joli<\/em> et plus facile qu&#039;hier<\/p>\n\n\n\n<p class=\"has-text-align-center\"><em>plus facile qu&#039;hier...<\/em><\/p>\n\n\n\n<p class=\"has-text-align-center\"><em>Et cette fois<\/em><\/p>\n\n\n\n<p class=\"has-text-align-center\"><em>Je pense qu&#039;au lieu d&#039;une porte il y a une fen\u00eatre<\/em><\/p>\n\n\n\n<p class=\"has-text-align-center\"><em>tr\u00e8s solide, tr\u00e8s r\u00e9sistant et avec vue sur la mer<\/em><\/p>\n\n\n\n<p class=\"has-text-align-center\"><em>avec vue sur la mer<\/em><\/p>\n\n\n\n<figure class=\"wp-block-embed aligncenter is-type-video is-provider-youtube wp-block-embed-youtube wp-embed-aspect-4-3 wp-has-aspect-ratio\"><div class=\"wp-block-embed__wrapper\">\n<iframe loading=\"lazy\" title=\"Conchita - Peut-\u00eatre\" width=\"1200\" height=\"900\" src=\"https:\/\/www.youtube.com\/embed\/WLybHwcObkw?feature=oembed\" frameborder=\"0\" allow=\"accelerometer; autoplay; clipboard-write; encrypted-media; gyroscope; picture-in-picture\" allowfullscreen><\/iframe>\n<\/div><\/figure>\n\n\n\n<p class=\"has-medium-font-size\"><strong>\u2013 Testament biologique (Ismael Serrano)<\/strong><\/p>\n\n\n\n<p>La chanson contestataire a \u00e9t\u00e9 un genre tr\u00e8s prolifique parmi les auteurs-compositeurs-interpr\u00e8tes et Ismael Serrano en est peut-\u00eatre l&#039;un des grands repr\u00e9sentants. Dans cette chanson sortie en 2008 et enregistr\u00e9e plus tard dans le cadre de l&#039;album live \u00ab Still \u00bb, Ismael Serrano revendique le droit \u00e0 une mort digne.<\/p>\n\n\n\n<p class=\"has-text-align-center\"><em>Tu dois avoir<\/em><\/p>\n\n\n\n<p class=\"has-text-align-center\"><em>Ouvre les fen\u00eatres et laisse-moi partir<\/em><\/p>\n\n\n\n<p class=\"has-text-align-center\"><em>Que la nuit ne fasse pas mal.<\/em><\/p>\n\n\n\n<p class=\"has-text-align-center\"><em>Vous me virerez et je br\u00fblerai en \u00e9toile.<\/em><\/p>\n\n\n\n<figure class=\"wp-block-embed aligncenter is-type-video is-provider-youtube wp-block-embed-youtube wp-embed-aspect-16-9 wp-has-aspect-ratio\"><div class=\"wp-block-embed__wrapper\">\n<iframe loading=\"lazy\" title=\"Ismael Serrano - Living Will (&quot;Still&quot; en acoustique)\" width=\"1200\" height=\"675\" src=\"https:\/\/www.youtube.com\/embed\/_CzptKDUc5k?feature=oembed\" frameborder=\"0\" allow=\"accelerometer; autoplay; clipboard-write; encrypted-media; gyroscope; picture-in-picture\" allowfullscreen><\/iframe>\n<\/div><\/figure>\n\n\n\n<p class=\"has-medium-font-size\"><strong>\u2013 Et maintenant (Joaqu\u00edn Sabina)<\/strong><\/p>\n\n\n\n<p>Avec 17 albums \u00e0 son actif, Joaqu\u00edn Sabina est sans aucun doute l&#039;une des grandes r\u00e9f\u00e9rences de la musique au niveau national et international. En 1999, parall\u00e8lement \u00e0 la tr\u00e8s c\u00e9l\u00e8bre composition &quot;19 jours et 500 nuits&quot;, il sort cette chanson faisant r\u00e9f\u00e9rence aux fen\u00eatres. Une discographie aussi vaste ne pouvait omettre la m\u00e9taphore des fen\u00eatres. Poursuivant sa tradition de galant, il entendait \u00ab grimper jusqu&#039;\u00e0 la fen\u00eatre \u00bb de sa bien-aim\u00e9e. Une d\u00e9claration d&#039;intentions.<\/p>\n\n\n\n<p class=\"has-text-align-center\"><em>Maintenant que, presque toujours, j&#039;ai l&#039;impression<\/em><\/p>\n\n\n\n<p class=\"has-text-align-center\"><em>Pour grimper \u00e0 ta fen\u00eatre<\/em><\/p>\n\n\n\n<p class=\"has-text-align-center\"><em>Et enl\u00e8ve le masque<\/em><\/p>\n\n\n\n<p class=\"has-text-align-center\"><em>Maintenant que les sens<\/em><\/p>\n\n\n\n<p class=\"has-text-align-center\"><em>Ils se sentent sans peur<\/em><\/p>\n\n\n\n<figure class=\"wp-block-embed aligncenter is-type-video is-provider-youtube wp-block-embed-youtube wp-embed-aspect-16-9 wp-has-aspect-ratio\"><div class=\"wp-block-embed__wrapper\">\n<iframe loading=\"lazy\" title=\"Joaquin Sabina - Maintenant que... (Live)\" width=\"1200\" height=\"675\" src=\"https:\/\/www.youtube.com\/embed\/fR8bJSNFEUo?feature=oembed\" frameborder=\"0\" allow=\"accelerometer; autoplay; clipboard-write; encrypted-media; gyroscope; picture-in-picture\" allowfullscreen><\/iframe>\n<\/div><\/figure>\n\n\n\n<p class=\"has-medium-font-size\"><strong>\u2013 Je ne fais que penser \u00e0 toi (Joan Manuel Serrat)<\/strong><\/p>\n\n\n\n<p>Et si nous parlions de mythes, nous ne pourrions pas oublier Joan Manuel Serrat. Une v\u00e9ritable institution parmi les auteurs-compositeurs-interpr\u00e8tes et po\u00e8tes m\u00e9lodiques. Dans le cadre de l&#039;album &quot;En transit&quot;, il a pr\u00e9sent\u00e9 cette chanson dans laquelle il d\u00e9montre toutes ses influences provenant de divers genres et auteurs. <\/p>\n\n\n\n<p class=\"has-text-align-center\"><em>J&#039;ai regard\u00e9 par la fen\u00eatre et je me suis enfui<\/em><\/p>\n\n\n\n<p class=\"has-text-align-center\"><em>Avec une fille qui faisait du v\u00e9lo<\/em><\/p>\n\n\n\n<p class=\"has-text-align-center\"><em>J&#039;ai \u00e9t\u00e9 distrait par un voisin qui aussi<\/em><\/p>\n\n\n\n<p class=\"has-text-align-center\"><em>Il n&#039;arr\u00eatait pas de se gratter la t\u00eate<\/em><\/p>\n\n\n\n<figure class=\"wp-block-embed aligncenter is-type-video is-provider-youtube wp-block-embed-youtube wp-embed-aspect-16-9 wp-has-aspect-ratio\"><div class=\"wp-block-embed__wrapper\">\n<iframe loading=\"lazy\" title=\"Joan Manuel Serrat - Je ne fais que penser \u00e0 toi\" width=\"1200\" height=\"900\" src=\"https:\/\/www.youtube.com\/embed\/1mR-P-6Rad0?feature=oembed\" frameborder=\"0\" allow=\"accelerometer; autoplay; clipboard-write; encrypted-media; gyroscope; picture-in-picture\" allowfullscreen><\/iframe>\n<\/div><\/figure>\n\n\n\n<p class=\"has-medium-font-size\"><strong>\u2013 Souffrir comme moi (Albert Pl\u00e1)<\/strong><\/p>\n\n\n\n<p>Nous terminons la compilation hebdomadaire avec l&#039;un des auteurs-compositeurs-interpr\u00e8tes les plus attach\u00e9s au genre et \u00e0 son caract\u00e8re contestataire en Espagne. Le Catalan pousse son style personnel \u00e0 l&#039;extr\u00eame, faisant de ses compositions parmi les plus reconnaissables de toute la sc\u00e8ne nationale. C&#039;est un plaisir de pouvoir appr\u00e9cier ce g\u00e9nie qui s&#039;est aussi souvenu des fen\u00eatres dans cette chanson de 1995. <\/p>\n\n\n\n<p class=\"has-text-align-center\"><em>Je veux que tu fasses attention<\/em><\/p>\n\n\n\n<p class=\"has-text-align-center\"><em>Horaire<\/em><\/p>\n\n\n\n<p class=\"has-text-align-center\"><em>Comme un prisonnier qui regarde dehors<\/em><\/p>\n\n\n\n<p class=\"has-text-align-center\"><em>\u00e0 travers ta fen\u00eatre<\/em><\/p>\n\n\n\n<figure class=\"wp-block-embed aligncenter is-type-video is-provider-youtube wp-block-embed-youtube wp-embed-aspect-4-3 wp-has-aspect-ratio\"><div class=\"wp-block-embed__wrapper\">\n<iframe loading=\"lazy\" title=\"Albert Pla - Sufre comme moi\" width=\"1200\" height=\"900\" src=\"https:\/\/www.youtube.com\/embed\/u7EUkYhYg_A?feature=oembed\" frameborder=\"0\" allow=\"accelerometer; autoplay; clipboard-write; encrypted-media; gyroscope; picture-in-picture\" allowfullscreen><\/iframe>\n<\/div><\/figure>","protected":false},"excerpt":{"rendered":"<p>La semana pasada estrenamos secci\u00f3n con la intenci\u00f3n de crear una playlist de Spotify que contuviese todas las canciones sobre ventanas que pudi\u00e9semos recopilar. Arrancamos con<span class=\"excerpt-hellip\"> [\u2026]<\/span><\/p>\n","protected":false},"author":9,"featured_media":1346,"comment_status":"open","ping_status":"open","sticky":false,"template":"","format":"image","meta":{"footnotes":""},"categories":[1],"tags":[],"class_list":["post-1345","post","type-post","status-publish","format-image","has-post-thumbnail","hentry","category-sin-categoria","post_format-post-format-image"],"_links":{"self":[{"href":"https:\/\/www.afandecor.es\/fr\/wp-json\/wp\/v2\/posts\/1345","targetHints":{"allow":["GET"]}}],"collection":[{"href":"https:\/\/www.afandecor.es\/fr\/wp-json\/wp\/v2\/posts"}],"about":[{"href":"https:\/\/www.afandecor.es\/fr\/wp-json\/wp\/v2\/types\/post"}],"author":[{"embeddable":true,"href":"https:\/\/www.afandecor.es\/fr\/wp-json\/wp\/v2\/users\/9"}],"replies":[{"embeddable":true,"href":"https:\/\/www.afandecor.es\/fr\/wp-json\/wp\/v2\/comments?post=1345"}],"version-history":[{"count":2,"href":"https:\/\/www.afandecor.es\/fr\/wp-json\/wp\/v2\/posts\/1345\/revisions"}],"predecessor-version":[{"id":2259,"href":"https:\/\/www.afandecor.es\/fr\/wp-json\/wp\/v2\/posts\/1345\/revisions\/2259"}],"wp:featuredmedia":[{"embeddable":true,"href":"https:\/\/www.afandecor.es\/fr\/wp-json\/wp\/v2\/media\/1346"}],"wp:attachment":[{"href":"https:\/\/www.afandecor.es\/fr\/wp-json\/wp\/v2\/media?parent=1345"}],"wp:term":[{"taxonomy":"category","embeddable":true,"href":"https:\/\/www.afandecor.es\/fr\/wp-json\/wp\/v2\/categories?post=1345"},{"taxonomy":"post_tag","embeddable":true,"href":"https:\/\/www.afandecor.es\/fr\/wp-json\/wp\/v2\/tags?post=1345"}],"curies":[{"name":"wp","href":"https:\/\/api.w.org\/{rel}","templated":true}]}}