{"id":1320,"date":"2021-05-13T10:25:23","date_gmt":"2021-05-13T10:25:23","guid":{"rendered":"https:\/\/www.afandecor.es\/?p=1320"},"modified":"2023-06-08T10:29:02","modified_gmt":"2023-06-08T10:29:02","slug":"afandecor-completa-con-exito-la-reforma-integral-de-farmacia-moma","status":"publish","type":"post","link":"https:\/\/www.afandecor.es\/fr\/2021\/05\/13\/afandecor-completa-con-exito-la-reforma-integral-de-farmacia-moma\/","title":{"rendered":"<p style=\"text-align: center; font-size: 33px; line-height: 28px;\">Afandecor ach\u00e8ve avec succ\u00e8s la r\u00e9novation compl\u00e8te de Farmacia MOMA<\/p>"},"content":{"rendered":"<p>Au cours des derniers mois, l&#039;\u00e9quipe de r\u00e9novation du Groupe Afandecor a r\u00e9alis\u00e9 la transformation compl\u00e8te de la Pharmacie MOMA, situ\u00e9e au num\u00e9ro 55 de l&#039;Avenida de la Uni\u00f3n P\u00fablica, \u00e0 Arroyomolinos. Nous avons discut\u00e9 avec sa propri\u00e9taire, Ana, pour conna\u00eetre ses sentiments sur le travail d&#039;Afandecor et l&#039;impact que la r\u00e9novation a eu sur son entreprise. M\u00eame si tous les travaux ont d\u00fb \u00eatre r\u00e9alis\u00e9s pendant la pand\u00e9mie de covid-19, Ana a \u00e9t\u00e9 ravie de <em>\u00ab combien il avait peu \u00e0 se soucier du travail \u00bb<\/em>. Ainsi, l&#039;\u00e9quipe technique d&#039;Afandecor a eu la confiance du client pour d\u00e9velopper l&#039;ensemble du projet et le brillant r\u00e9sultat final est \u00e9vident.<\/p>\n\n\n<div class=\"wp-block-image\">\n<figure class=\"aligncenter size-large is-resized\"><img loading=\"lazy\" decoding=\"async\" src=\"https:\/\/www.afandecor.es\/wp-content\/uploads\/2021\/05\/IMG20210512111733-1024x768.jpg\" alt=\"\" class=\"wp-image-1321\" width=\"761\" height=\"570\" srcset=\"https:\/\/www.afandecor.es\/wp-content\/uploads\/2021\/05\/IMG20210512111733-1024x768.jpg 1024w, https:\/\/www.afandecor.es\/wp-content\/uploads\/2021\/05\/IMG20210512111733-300x225.jpg 300w, https:\/\/www.afandecor.es\/wp-content\/uploads\/2021\/05\/IMG20210512111733-768x576.jpg 768w, https:\/\/www.afandecor.es\/wp-content\/uploads\/2021\/05\/IMG20210512111733-1536x1152.jpg 1536w, https:\/\/www.afandecor.es\/wp-content\/uploads\/2021\/05\/IMG20210512111733-2048x1536.jpg 2048w, https:\/\/www.afandecor.es\/wp-content\/uploads\/2021\/05\/IMG20210512111733-195x146.jpg 195w, https:\/\/www.afandecor.es\/wp-content\/uploads\/2021\/05\/IMG20210512111733-50x38.jpg 50w, https:\/\/www.afandecor.es\/wp-content\/uploads\/2021\/05\/IMG20210512111733-100x75.jpg 100w\" sizes=\"auto, (max-width: 761px) 100vw, 761px\" \/><\/figure>\n<\/div>\n\n\n<p>Le local commercial abritait d\u00e9j\u00e0 une pharmacie, mais la nouvelle propri\u00e9taire souhaitait op\u00e9rer un changement radical pour lancer son activit\u00e9. En s&#039;en remettant \u00e0 Afandecor, l&#039;architecte Raquel a con\u00e7u un projet visant \u00e0 maximiser l&#039;utilisation de l&#039;espace et \u00e0 donner un aspect plus naturel \u00e0 la pharmacie. Comme le montrent les images des travaux, la r\u00e9novation a consist\u00e9 \u00e0 jeter tout ce qui existait (m\u00eame s&#039;il s&#039;agissait d&#039;un local vieux de 5 ans seulement) et \u00e0 repartir de z\u00e9ro avec la construction. <\/p>\n\n\n<div class=\"wp-block-image\">\n<figure class=\"aligncenter size-large is-resized\"><img loading=\"lazy\" decoding=\"async\" src=\"https:\/\/www.afandecor.es\/wp-content\/uploads\/2021\/05\/IMG-20210513-WA0006.jpg\" alt=\"\" class=\"wp-image-1323\" width=\"470\" height=\"627\" srcset=\"https:\/\/www.afandecor.es\/wp-content\/uploads\/2021\/05\/IMG-20210513-WA0006.jpg 768w, https:\/\/www.afandecor.es\/wp-content\/uploads\/2021\/05\/IMG-20210513-WA0006-225x300.jpg 225w, https:\/\/www.afandecor.es\/wp-content\/uploads\/2021\/05\/IMG-20210513-WA0006-110x146.jpg 110w, https:\/\/www.afandecor.es\/wp-content\/uploads\/2021\/05\/IMG-20210513-WA0006-38x50.jpg 38w, https:\/\/www.afandecor.es\/wp-content\/uploads\/2021\/05\/IMG-20210513-WA0006-56x75.jpg 56w\" sizes=\"auto, (max-width: 470px) 100vw, 470px\" \/><\/figure>\n<\/div>\n\n\n<p>Cette d\u00e9cision a permis d&#039;adapter compl\u00e8tement la r\u00e9novation aux attentes du client et Ana est convaincue d&#039;avoir fait le bon choix : <em>&quot;La r\u00e9novation ne m&#039;a pos\u00e9 aucun probl\u00e8me, j&#039;ai mis toute ma confiance en Raquel et en l&#039;entreprise, et le projet que je souhaitais a \u00e9t\u00e9 r\u00e9alis\u00e9.&quot;<\/em><\/p>\n\n\n<div class=\"wp-block-image\">\n<figure class=\"aligncenter size-large is-resized\"><img loading=\"lazy\" decoding=\"async\" src=\"https:\/\/www.afandecor.es\/wp-content\/uploads\/2021\/05\/2-1024x576.png\" alt=\"\" class=\"wp-image-1322\" width=\"842\" height=\"473\" srcset=\"https:\/\/www.afandecor.es\/wp-content\/uploads\/2021\/05\/2-1024x576.png 1024w, https:\/\/www.afandecor.es\/wp-content\/uploads\/2021\/05\/2-300x169.png 300w, https:\/\/www.afandecor.es\/wp-content\/uploads\/2021\/05\/2-768x432.png 768w, https:\/\/www.afandecor.es\/wp-content\/uploads\/2021\/05\/2-1536x864.png 1536w, https:\/\/www.afandecor.es\/wp-content\/uploads\/2021\/05\/2-260x146.png 260w, https:\/\/www.afandecor.es\/wp-content\/uploads\/2021\/05\/2-50x28.png 50w, https:\/\/www.afandecor.es\/wp-content\/uploads\/2021\/05\/2-133x75.png 133w, https:\/\/www.afandecor.es\/wp-content\/uploads\/2021\/05\/2-1200x675.png 1200w, https:\/\/www.afandecor.es\/wp-content\/uploads\/2021\/05\/2.png 1600w\" sizes=\"auto, (max-width: 842px) 100vw, 842px\" \/><\/figure>\n<\/div>\n\n\n<p>Ana connaissait d\u00e9j\u00e0 le Grupo Afandecor avant de nous contacter pour r\u00e9aliser la r\u00e9novation de sa pharmacie. Encore plus, <em>&quot;Le traitement s&#039;est av\u00e9r\u00e9 tr\u00e8s efficace et ils sont toujours disponibles pour toute question ou requ\u00eate.&quot;<\/em><\/p>\n\n\n\n<figure class=\"wp-block-embed is-type-video is-provider-youtube wp-block-embed-youtube wp-embed-aspect-16-9 wp-has-aspect-ratio\"><div class=\"wp-block-embed__wrapper\">\n<iframe loading=\"lazy\" title=\"Afandecor ach\u00e8ve avec succ\u00e8s la r\u00e9novation compl\u00e8te de Farmacia MOMA\" width=\"1200\" height=\"675\" src=\"https:\/\/www.youtube.com\/embed\/YorPNRZpcCQ?feature=oembed\" frameborder=\"0\" allow=\"accelerometer; autoplay; clipboard-write; encrypted-media; gyroscope; picture-in-picture\" allowfullscreen><\/iframe>\n<\/div><\/figure>\n\n\n\n<p>Deux projets diff\u00e9rents ont \u00e9t\u00e9 con\u00e7us pour la pharmacie. Un pour les travaux du Grupo Afandecor et un autre pour le mobilier. Le client <em>souligne \u00ab la parfaite coordination entre l\u2019entreprise de meubles et Afandecor \u00bb<\/em>. La collaboration entre les deux a permis la cr\u00e9ation d&#039;un bon tandem qui a r\u00e9pondu aux attentes du client et s&#039;est sold\u00e9 par un r\u00e9sultat int\u00e9gr\u00e9 et uniforme. Concernant la pharmacie telle qu&#039;elle est actuellement, Ana souligne que <em>\u00ab Le travail en g\u00e9n\u00e9ral est tr\u00e8s bon \u00bb<\/em> et qu&#039;en outre, <em>Quand \u00ab vous le remplissez de meubles et lui donnez vie, vous \u00eates tr\u00e8s content du r\u00e9sultat final \u00bb<\/em>.<\/p>\n\n\n<div class=\"wp-block-image\">\n<figure class=\"aligncenter size-large is-resized\"><img loading=\"lazy\" decoding=\"async\" src=\"https:\/\/www.afandecor.es\/wp-content\/uploads\/2021\/05\/IMG20210512112130-1024x768.jpg\" alt=\"\" class=\"wp-image-1324\" width=\"766\" height=\"574\" srcset=\"https:\/\/www.afandecor.es\/wp-content\/uploads\/2021\/05\/IMG20210512112130-1024x768.jpg 1024w, https:\/\/www.afandecor.es\/wp-content\/uploads\/2021\/05\/IMG20210512112130-300x225.jpg 300w, https:\/\/www.afandecor.es\/wp-content\/uploads\/2021\/05\/IMG20210512112130-768x576.jpg 768w, https:\/\/www.afandecor.es\/wp-content\/uploads\/2021\/05\/IMG20210512112130-1536x1152.jpg 1536w, https:\/\/www.afandecor.es\/wp-content\/uploads\/2021\/05\/IMG20210512112130-2048x1536.jpg 2048w, https:\/\/www.afandecor.es\/wp-content\/uploads\/2021\/05\/IMG20210512112130-195x146.jpg 195w, https:\/\/www.afandecor.es\/wp-content\/uploads\/2021\/05\/IMG20210512112130-50x38.jpg 50w, https:\/\/www.afandecor.es\/wp-content\/uploads\/2021\/05\/IMG20210512112130-100x75.jpg 100w\" sizes=\"auto, (max-width: 766px) 100vw, 766px\" \/><\/figure>\n<\/div>\n\n\n<p>L&#039;atmosph\u00e8re agr\u00e9able cr\u00e9\u00e9e dans la pharmacie est salu\u00e9e par les clients qui appr\u00e9cient positivement le changement et mettent en valeur <em>&quot;l&#039;espace, l&#039;emplacement de la lumi\u00e8re et le design attrayant.&quot; <\/em>Bref, un franc succ\u00e8s pour l&#039;\u00e9quipe de r\u00e9novation d&#039;Afandecor qui a r\u00e9pondu aux attentes du client et a r\u00e9ussi \u00e0 cr\u00e9er un espace lumineux, spacieux et naturel afin que la Pharmacie MOMA puisse continuer \u00e0 soigner les r\u00e9sidents d&#039;Arroyomolinos pendant encore de nombreuses ann\u00e9es.<\/p>","protected":false},"excerpt":{"rendered":"<p>El equipo de reformas de Grupo Afandecor realiz\u00f3 durante los \u00faltimos meses la transformaci\u00f3n integral de la Farmacia MOMA, situada en el n\u00famero 55 de la<span class=\"excerpt-hellip\"> [\u2026]<\/span><\/p>\n","protected":false},"author":9,"featured_media":1326,"comment_status":"open","ping_status":"open","sticky":false,"template":"","format":"image","meta":{"footnotes":""},"categories":[20,19],"tags":[],"class_list":["post-1320","post","type-post","status-publish","format-image","has-post-thumbnail","hentry","category-reformas","category-ventanas","post_format-post-format-image"],"_links":{"self":[{"href":"https:\/\/www.afandecor.es\/fr\/wp-json\/wp\/v2\/posts\/1320","targetHints":{"allow":["GET"]}}],"collection":[{"href":"https:\/\/www.afandecor.es\/fr\/wp-json\/wp\/v2\/posts"}],"about":[{"href":"https:\/\/www.afandecor.es\/fr\/wp-json\/wp\/v2\/types\/post"}],"author":[{"embeddable":true,"href":"https:\/\/www.afandecor.es\/fr\/wp-json\/wp\/v2\/users\/9"}],"replies":[{"embeddable":true,"href":"https:\/\/www.afandecor.es\/fr\/wp-json\/wp\/v2\/comments?post=1320"}],"version-history":[{"count":5,"href":"https:\/\/www.afandecor.es\/fr\/wp-json\/wp\/v2\/posts\/1320\/revisions"}],"predecessor-version":[{"id":2261,"href":"https:\/\/www.afandecor.es\/fr\/wp-json\/wp\/v2\/posts\/1320\/revisions\/2261"}],"wp:featuredmedia":[{"embeddable":true,"href":"https:\/\/www.afandecor.es\/fr\/wp-json\/wp\/v2\/media\/1326"}],"wp:attachment":[{"href":"https:\/\/www.afandecor.es\/fr\/wp-json\/wp\/v2\/media?parent=1320"}],"wp:term":[{"taxonomy":"category","embeddable":true,"href":"https:\/\/www.afandecor.es\/fr\/wp-json\/wp\/v2\/categories?post=1320"},{"taxonomy":"post_tag","embeddable":true,"href":"https:\/\/www.afandecor.es\/fr\/wp-json\/wp\/v2\/tags?post=1320"}],"curies":[{"name":"wp","href":"https:\/\/api.w.org\/{rel}","templated":true}]}}