{"id":1309,"date":"2021-05-12T11:26:43","date_gmt":"2021-05-12T11:26:43","guid":{"rendered":"https:\/\/www.afandecor.es\/?p=1309"},"modified":"2023-06-08T10:29:11","modified_gmt":"2023-06-08T10:29:11","slug":"5-canciones-del-flamenco-con-ventanas","status":"publish","type":"post","link":"https:\/\/www.afandecor.es\/fr\/2021\/05\/12\/5-canciones-del-flamenco-con-ventanas\/","title":{"rendered":"<p style=\"text-align: center; font-size: 33px; line-height: 28px;\">5 chansons de flamenco avec fen\u00eatres<\/p>"},"content":{"rendered":"<p><strong>Nous lan\u00e7ons une nouvelle rubrique sur notre site Internet ! \u00c0 partir d&#039;aujourd&#039;hui, chaque mercredi, nous ajouterons 5 nouvelles chansons sur Windows \u00e0 notre <a href=\"https:\/\/open.spotify.com\/playlist\/5QeHJnmP0dRUPvxAGA8xyp?si=xSSG6CEXSiWuHXh2ZBxaGg\" data-type=\"URL\" data-id=\"https:\/\/open.spotify.com\/playlist\/5QeHJnmP0dRUPvxAGA8xyp?si=xSSG6CEXSiWuHXh2ZBxaGg\" target=\"_blank\" rel=\"noreferrer noopener\">Liste de lecture Spotify.<\/a> Parce que les fen\u00eatres ont inspir\u00e9 des artistes de tous genres, chez Grupo Afandecor nous allons faire un tour musical en hommage \u00e0 tous ceux qui se sont souvenus des fen\u00eatres pour offrir une bande sonore \u00e0 tout un pays.<\/strong>.<\/p>\n\n\n\n<p>A travers une fen\u00eatre on peut contempler l&#039;horizon, rencontrer un nouvel amour, d\u00e9couvrir un paysage spectaculaire... C&#039;est pour cette raison que les chanteurs de toutes g\u00e9n\u00e9rations ont inclus des fen\u00eatres dans leurs chansons pour s&#039;ouvrir sur le monde.<\/p>\n\n\n\n<p>Aujourd&#039;hui, nous commen\u00e7ons par l&#039;un des genres musicaux les plus enracin\u00e9s dans de nombreuses r\u00e9gions de la g\u00e9ographie espagnole : <strong>flamenco<\/strong>. Ce style de danse et de musique est caract\u00e9ristique de l&#039;Andalousie, de Murcie et de l&#039;Estr\u00e9madure, m\u00eame s&#039;il a d\u00e9j\u00e0 travers\u00e9 les fronti\u00e8res. En 2010, il a \u00e9t\u00e9 d\u00e9clar\u00e9 patrimoine culturel immat\u00e9riel de l&#039;humanit\u00e9 par l&#039;UNESCO. En bref, le flamenco est un art, une expression propre, reconnu et admir\u00e9 de tous.<\/p>\n\n\n\n<p class=\"has-medium-font-size\"><strong>\u2013 La Fontaine de Bebo (Diego El Cigala)<\/strong><\/p>\n\n\n\n<p>Ce chanteur de flamenco, neveu d&#039;artistes flamenco, sort des albums depuis ses d\u00e9buts en 1997 avec \u00ab<em>Undebel<\/em>\u00bb. En 2001, il sort le single \u00ab<em>La fontaine B\u00e9bo<\/em>&quot; qu&#039;a t&#039;il dit:<\/p>\n\n\n\n<p class=\"has-text-align-center\"><em>Je continue de la voir<\/em><\/p>\n\n\n\n<p class=\"has-text-align-center\"><em>\u00e0 ta fen\u00eatre<\/em><\/p>\n\n\n\n<p class=\"has-text-align-center\"><em>Et \u00e0 mon printemps,<\/em><\/p>\n\n\n\n<p class=\"has-text-align-center\"><em>Les sons du pass\u00e9.<\/em><\/p>\n\n\n\n<figure class=\"wp-block-embed aligncenter is-type-video is-provider-youtube wp-block-embed-youtube wp-embed-aspect-4-3 wp-has-aspect-ratio\"><div class=\"wp-block-embed__wrapper\">\n<iframe loading=\"lazy\" title=\"La Fontaine Bebo (Buleria)\" width=\"1200\" height=\"900\" src=\"https:\/\/www.youtube.com\/embed\/2MlCgPPetFw?feature=oembed\" frameborder=\"0\" allow=\"accelerometer; autoplay; clipboard-write; encrypted-media; gyroscope; picture-in-picture\" allowfullscreen><\/iframe>\n<\/div><\/figure>\n\n\n\n<p><\/p>\n\n\n\n<p class=\"has-medium-font-size\"><strong>\u2013 Je vivrai (Crevettes des \u00eeles)<\/strong><\/p>\n\n\n\n<p>L&#039;une des figures les plus importantes de l&#039;histoire du flamenco et de la musique en g\u00e9n\u00e9ral. Il est d\u00e9c\u00e9d\u00e9 en 1992 et est consid\u00e9r\u00e9 comme le meilleur chanteur de flamenco contemporain. Sa br\u00e8ve carri\u00e8re (il d\u00e9c\u00e8de \u00e0 l&#039;\u00e2ge de 41 ans, provoquant un grand bouleversement social en Espagne) lui donne lieu \u00e0 une discographie de 17 titres, plusieurs disques d&#039;or et une multitude de r\u00e9compenses. En 1984, avec Tomatito, il lance Vivir\u00e9 :<\/p>\n\n\n\n<p class=\"has-text-align-center\"><em>Je regarde, par la fen\u00eatre<\/em><\/p>\n\n\n\n<p class=\"has-text-align-center\"><em>Oh, bleu du petit matin<\/em><\/p>\n\n\n\n<p class=\"has-text-align-center\"><em>Un bleu bien triste, propre et dor\u00e9,<\/em><\/p>\n\n\n\n<p class=\"has-text-align-center\"><em>Oh, un azyl t\u00f4t le matin<\/em><\/p>\n\n\n\n<p class=\"has-text-align-center\"><em>Un bleu propre, dor\u00e9 et triste.<\/em><\/p>\n\n\n\n<figure class=\"wp-block-embed aligncenter is-type-video is-provider-youtube wp-block-embed-youtube wp-embed-aspect-4-3 wp-has-aspect-ratio\"><div class=\"wp-block-embed__wrapper\">\n<iframe loading=\"lazy\" title=\"JE VIVRAI ***** CREVETTES DE L&#039;\u00ceLE\" width=\"1200\" height=\"900\" src=\"https:\/\/www.youtube.com\/embed\/Vz-Y1f5yP_M?feature=oembed\" frameborder=\"0\" allow=\"accelerometer; autoplay; clipboard-write; encrypted-media; gyroscope; picture-in-picture\" allowfullscreen><\/iframe>\n<\/div><\/figure>\n\n\n\n<p><\/p>\n\n\n\n<p class=\"has-medium-font-size\"><strong>\u2013 Ce que je ne donnerais pas (Roc\u00edo Jurado)<\/strong><\/p>\n\n\n\n<p>La M\u00e1s Grande a acquis une renomm\u00e9e internationale en tant qu&#039;auteur-compositeur-interpr\u00e8te entre la copla andalouse et le flamenco. Il a \u00e9galement eu une place de fen\u00eatre dans sa longue carri\u00e8re musicale. C&#039;est l&#039;une des chansons les plus flamencos de l&#039;artiste et celle qui lui a valu le plus de succ\u00e8s. Il a \u00e9t\u00e9 compos\u00e9 par Jos\u00e9 Luis Perales express\u00e9ment pour elle.<\/p>\n\n\n\n<p class=\"has-text-align-center\"><em>Ce que je ne donnerais pas pour recommencer<\/em><\/p>\n\n\n\n<p class=\"has-text-align-center\"><em>Compter les \u00e9toiles depuis ma fen\u00eatre<\/em><\/p>\n\n\n\n<p class=\"has-text-align-center\"><em>D\u00e9guisez-vous en faralaes et promenez-vous dans la foire<\/em><\/p>\n\n\n\n<p class=\"has-text-align-center\"><em>Pour sentir le baiser du matin<\/em><\/p>\n\n\n\n<figure class=\"wp-block-embed aligncenter is-type-video is-provider-youtube wp-block-embed-youtube wp-embed-aspect-4-3 wp-has-aspect-ratio\"><div class=\"wp-block-embed__wrapper\">\n<iframe loading=\"lazy\" title=\"Roc\u00edo Jurado - Ce que je ne donnerais pas.\" width=\"1200\" height=\"900\" src=\"https:\/\/www.youtube.com\/embed\/sGdu4Lg9xvM?feature=oembed\" frameborder=\"0\" allow=\"accelerometer; autoplay; clipboard-write; encrypted-media; gyroscope; picture-in-picture\" allowfullscreen><\/iframe>\n<\/div><\/figure>\n\n\n\n<p><\/p>\n\n\n\n<p class=\"has-medium-font-size\"><strong>\u2013 Il m&#039;appelle (Ketama)<\/strong><\/p>\n\n\n\n<p>Le groupe Ketama s&#039;est form\u00e9 au d\u00e9but des ann\u00e9es 80. Leurs premi\u00e8res influences sont venues de la musique latino-am\u00e9ricaine, ils se sont rapidement orient\u00e9s vers ce qu&#039;on appelle le nouveau flamenco. En 1985, ils publient la chanson Me llama :<\/p>\n\n\n\n<p class=\"has-text-align-center\"><em>Oh, il m&#039;appelle<\/em><\/p>\n\n\n\n<p class=\"has-text-align-center\"><em>M&#039;appelle<\/em><\/p>\n\n\n\n<p class=\"has-text-align-center\"><em>Oh et le soleil quand il se l\u00e8ve<\/em><\/p>\n\n\n\n<p class=\"has-text-align-center\"><em>Et passe par ma fen\u00eatre<\/em><\/p>\n\n\n\n<p class=\"has-text-align-center\"><em>et s&#039;allonge dans mon lit<\/em><\/p>\n\n\n\n<figure class=\"wp-block-embed aligncenter is-type-video is-provider-youtube wp-block-embed-youtube wp-embed-aspect-16-9 wp-has-aspect-ratio\"><div class=\"wp-block-embed__wrapper\">\n<iframe loading=\"lazy\" title=\"Ketama - m&#039;appelle\" width=\"1200\" height=\"675\" src=\"https:\/\/www.youtube.com\/embed\/GSyARJH37Lg?feature=oembed\" frameborder=\"0\" allow=\"accelerometer; autoplay; clipboard-write; encrypted-media; gyroscope; picture-in-picture\" allowfullscreen><\/iframe>\n<\/div><\/figure>\n\n\n\n<p><\/p>\n\n\n\n<p class=\"has-medium-font-size\"><strong>\u2013 Les Fils de l&#039;aube (Ni\u00f1a Pastori)<\/strong><\/p>\n\n\n\n<p>On termine cette compilation hebdomadaire ax\u00e9e sur le flamenco avec Ni\u00f1a Pastori. En 2000, il sort Ca\u00f1ailla, l&#039;un de ses albums les plus c\u00e9l\u00e8bres avec la collaboration des fr\u00e8res Carmona, Vicente Amigo et Moraito. Le single principal de cet album avait aussi son petit rappel aux vitrines :<\/p>\n\n\n\n<p class=\"has-text-align-center\"><em>Fen\u00eatre<\/em><\/p>\n\n\n\n<p class=\"has-text-align-center\"><em>Fen\u00eatre de ma folie<\/em><\/p>\n\n\n\n<p class=\"has-text-align-center\"><em>J&#039;\u00e9tale ta chemise<\/em><\/p>\n\n\n\n<p class=\"has-text-align-center\"><em>chemise blanche<\/em><\/p>\n\n\n\n<figure class=\"wp-block-embed aligncenter is-type-video is-provider-youtube wp-block-embed-youtube wp-embed-aspect-4-3 wp-has-aspect-ratio\"><div class=\"wp-block-embed__wrapper\">\n<iframe loading=\"lazy\" title=\"Ni\u00f1a Pastori - Los Hilos Del Alba - (BULERIAS)\" width=\"1200\" height=\"900\" src=\"https:\/\/www.youtube.com\/embed\/UVW_XFBqN0c?feature=oembed\" frameborder=\"0\" allow=\"accelerometer; autoplay; clipboard-write; encrypted-media; gyroscope; picture-in-picture\" allowfullscreen><\/iframe>\n<\/div><\/figure>","protected":false},"excerpt":{"rendered":"<p>\u00a1Estrenamos nueva secci\u00f3n en nuestra web! Desde hoy, cada mi\u00e9rcoles a\u00f1adiremos 5 nuevas canciones sobre ventanas a nuestra playlist de Spotify. Porque las ventanas han servido<span class=\"excerpt-hellip\"> [\u2026]<\/span><\/p>\n","protected":false},"author":9,"featured_media":1317,"comment_status":"open","ping_status":"open","sticky":false,"template":"","format":"image","meta":{"footnotes":""},"categories":[19],"tags":[],"class_list":["post-1309","post","type-post","status-publish","format-image","has-post-thumbnail","hentry","category-ventanas","post_format-post-format-image"],"_links":{"self":[{"href":"https:\/\/www.afandecor.es\/fr\/wp-json\/wp\/v2\/posts\/1309","targetHints":{"allow":["GET"]}}],"collection":[{"href":"https:\/\/www.afandecor.es\/fr\/wp-json\/wp\/v2\/posts"}],"about":[{"href":"https:\/\/www.afandecor.es\/fr\/wp-json\/wp\/v2\/types\/post"}],"author":[{"embeddable":true,"href":"https:\/\/www.afandecor.es\/fr\/wp-json\/wp\/v2\/users\/9"}],"replies":[{"embeddable":true,"href":"https:\/\/www.afandecor.es\/fr\/wp-json\/wp\/v2\/comments?post=1309"}],"version-history":[{"count":7,"href":"https:\/\/www.afandecor.es\/fr\/wp-json\/wp\/v2\/posts\/1309\/revisions"}],"predecessor-version":[{"id":1318,"href":"https:\/\/www.afandecor.es\/fr\/wp-json\/wp\/v2\/posts\/1309\/revisions\/1318"}],"wp:featuredmedia":[{"embeddable":true,"href":"https:\/\/www.afandecor.es\/fr\/wp-json\/wp\/v2\/media\/1317"}],"wp:attachment":[{"href":"https:\/\/www.afandecor.es\/fr\/wp-json\/wp\/v2\/media?parent=1309"}],"wp:term":[{"taxonomy":"category","embeddable":true,"href":"https:\/\/www.afandecor.es\/fr\/wp-json\/wp\/v2\/categories?post=1309"},{"taxonomy":"post_tag","embeddable":true,"href":"https:\/\/www.afandecor.es\/fr\/wp-json\/wp\/v2\/tags?post=1309"}],"curies":[{"name":"wp","href":"https:\/\/api.w.org\/{rel}","templated":true}]}}