{"id":1300,"date":"2021-05-11T09:01:44","date_gmt":"2021-05-11T09:01:44","guid":{"rendered":"https:\/\/www.afandecor.es\/?p=1300"},"modified":"2023-06-08T10:29:19","modified_gmt":"2023-06-08T10:29:19","slug":"las-ventajas-de-instalar-mosquiteras","status":"publish","type":"post","link":"https:\/\/www.afandecor.es\/fr\/2021\/05\/11\/las-ventajas-de-instalar-mosquiteras\/","title":{"rendered":"<p style=\"text-align: center; font-size: 33px; line-height: 28px;\">Les avantages d\u2019installer des moustiquaires dans votre maison<\/p>"},"content":{"rendered":"<p>L&#039;\u00e9t\u00e9 approche et la chaleur commence \u00e0 se faire sentir ! Les journ\u00e9es sont plus longues, on passe plus de temps dehors et\u2026 les moustiques arrivent aussi ! C&#039;est pour cette raison que le Grupo Afandecor dispose d&#039;une large gamme de moustiquaires \u00e0 installer sur n&#039;importe quelle fen\u00eatre. Son installation est tr\u00e8s simple, durable et ne n\u00e9cessite aucun entretien.<\/p>\n\n\n\n<p style=\"font-size:18px\"><strong>Quels sont les avantages d\u2019installer des moustiquaires ?<\/strong><\/p>\n\n\n\n<ul class=\"wp-block-list\">\n<li>Cela nous permet d\u2019abandonner l\u2019utilisation de produits chimiques ou de sprays pour nous d\u00e9barrasser des moustiques et autres insectes. Cela signifie une consommation plus durable et engag\u00e9e pour la plan\u00e8te.<\/li>\n<\/ul>\n\n\n\n<ul class=\"wp-block-list\">\n<li>C&#039;est une magnifique option de pouvoir ouvrir les fen\u00eatres en toute libert\u00e9 \u00e0 tout moment de la journ\u00e9e. Nous oublierons de contr\u00f4ler l&#039;entr\u00e9e des moustiques la nuit et nous pourrons maintenir la maison \u00e0 une temp\u00e9rature ad\u00e9quate et avec une ventilation ad\u00e9quate. Il est recommand\u00e9 d&#039;a\u00e9rer la maison environ 10 minutes chaque matin pour renouveler l&#039;air afin que nous puissions mieux nous reposer la nuit.<\/li>\n<\/ul>\n\n\n<div class=\"wp-block-image\">\n<figure class=\"aligncenter is-resized\"><img loading=\"lazy\" decoding=\"async\" src=\"https:\/\/www.ventanasnuez.es\/wp-content\/uploads\/2020\/09\/irene.jpg\" alt=\"First slide\" width=\"370\" height=\"370\"\/><\/figure>\n<\/div>\n\n\n<ul class=\"wp-block-list\">\n<li>Il est \u00e9galement utile pour nous prot\u00e9ger du pollen ext\u00e9rieur \u00e0 la maison. Si nous vivons \u00e0 proximit\u00e9 d&#039;un espace vert ou avec une personne allergique, cela peut \u00eatre recommand\u00e9 pour les mois de printemps et d&#039;\u00e9t\u00e9. De la m\u00eame mani\u00e8re, nous r\u00e9duirons l\u2019entr\u00e9e de salet\u00e9 dans notre maison.<\/li>\n<\/ul>\n\n\n\n<ul class=\"wp-block-list\">\n<li>De plus, sur le plan \u00e9conomique, nous devons consid\u00e9rer l\u2019installation d\u2019une moustiquaire comme un investissement pour l\u2019avenir. Uniquement avec des \u00e9conomies sur les insecticides, sprays et bouchons anti-moustiques ; L&#039;installation de moustiquaires est rentable.<\/li>\n<\/ul>\n\n\n\n<p style=\"font-size:18px\"><strong>\u00c0 quoi ressemblent les moustiquaires dont nous disposons chez Grupo Afandecor ?<\/strong><\/p>\n\n\n<div class=\"wp-block-image\">\n<figure class=\"aligncenter size-large is-resized\"><img loading=\"lazy\" decoding=\"async\" src=\"https:\/\/www.afandecor.es\/wp-content\/uploads\/2021\/05\/Minima-1.jpg\" alt=\"\" class=\"wp-image-1303\" width=\"354\" height=\"354\" srcset=\"https:\/\/www.afandecor.es\/wp-content\/uploads\/2021\/05\/Minima-1.jpg 504w, https:\/\/www.afandecor.es\/wp-content\/uploads\/2021\/05\/Minima-1-300x300.jpg 300w, https:\/\/www.afandecor.es\/wp-content\/uploads\/2021\/05\/Minima-1-150x150.jpg 150w, https:\/\/www.afandecor.es\/wp-content\/uploads\/2021\/05\/Minima-1-146x146.jpg 146w, https:\/\/www.afandecor.es\/wp-content\/uploads\/2021\/05\/Minima-1-50x50.jpg 50w, https:\/\/www.afandecor.es\/wp-content\/uploads\/2021\/05\/Minima-1-75x75.jpg 75w, https:\/\/www.afandecor.es\/wp-content\/uploads\/2021\/05\/Minima-1-85x85.jpg 85w, https:\/\/www.afandecor.es\/wp-content\/uploads\/2021\/05\/Minima-1-80x80.jpg 80w\" sizes=\"auto, (max-width: 354px) 100vw, 354px\" \/><\/figure>\n<\/div>\n\n\n<p>Nous disposons d&#039;un large catalogue de moustiquaires. Nos techniciens commerciaux sont pr\u00eats \u00e0 offrir \u00e0 chaque client la moustiquaire la mieux adapt\u00e9e \u00e0 ses besoins, \u00e0 sa maison et \u00e0 sa fen\u00eatre.<\/p>\n\n\n\n<p>Par exemple, nous disposons de moustiquaires \u00e0 coulissement lat\u00e9ral, manuel et configurable qui permettent d&#039;inverser le sens de coulissement selon les besoins. Nous disposons \u00e9galement de moustiquaires verticales, un pari d&#039;innovation, de simplicit\u00e9 et d&#039;\u00e9l\u00e9gance. Con\u00e7u pour prot\u00e9ger de grandes dimensions, tr\u00e8s r\u00e9sistant aux conditions ext\u00e9rieures et avec possibilit\u00e9 d&#039;installer un syst\u00e8me d&#039;ouverture motoris\u00e9 par t\u00e9l\u00e9commande. Le grand avantage de toutes ces moustiquaires est leur polyvalence puisqu&#039;elles sont toutes fournies sur mesure selon les besoins du client.<\/p>","protected":false},"excerpt":{"rendered":"<p>\u00a1Cada vez est\u00e1 m\u00e1s cerca el verano y el calor empieza a hacerse notar! Los d\u00edas son m\u00e1s largos, pasamos m\u00e1s tiempo en el exterior y\u2026<span class=\"excerpt-hellip\"> [\u2026]<\/span><\/p>\n","protected":false},"author":9,"featured_media":1301,"comment_status":"open","ping_status":"open","sticky":false,"template":"","format":"image","meta":{"footnotes":""},"categories":[20,19],"tags":[],"class_list":["post-1300","post","type-post","status-publish","format-image","has-post-thumbnail","hentry","category-reformas","category-ventanas","post_format-post-format-image"],"_links":{"self":[{"href":"https:\/\/www.afandecor.es\/fr\/wp-json\/wp\/v2\/posts\/1300","targetHints":{"allow":["GET"]}}],"collection":[{"href":"https:\/\/www.afandecor.es\/fr\/wp-json\/wp\/v2\/posts"}],"about":[{"href":"https:\/\/www.afandecor.es\/fr\/wp-json\/wp\/v2\/types\/post"}],"author":[{"embeddable":true,"href":"https:\/\/www.afandecor.es\/fr\/wp-json\/wp\/v2\/users\/9"}],"replies":[{"embeddable":true,"href":"https:\/\/www.afandecor.es\/fr\/wp-json\/wp\/v2\/comments?post=1300"}],"version-history":[{"count":6,"href":"https:\/\/www.afandecor.es\/fr\/wp-json\/wp\/v2\/posts\/1300\/revisions"}],"predecessor-version":[{"id":2262,"href":"https:\/\/www.afandecor.es\/fr\/wp-json\/wp\/v2\/posts\/1300\/revisions\/2262"}],"wp:featuredmedia":[{"embeddable":true,"href":"https:\/\/www.afandecor.es\/fr\/wp-json\/wp\/v2\/media\/1301"}],"wp:attachment":[{"href":"https:\/\/www.afandecor.es\/fr\/wp-json\/wp\/v2\/media?parent=1300"}],"wp:term":[{"taxonomy":"category","embeddable":true,"href":"https:\/\/www.afandecor.es\/fr\/wp-json\/wp\/v2\/categories?post=1300"},{"taxonomy":"post_tag","embeddable":true,"href":"https:\/\/www.afandecor.es\/fr\/wp-json\/wp\/v2\/tags?post=1300"}],"curies":[{"name":"wp","href":"https:\/\/api.w.org\/{rel}","templated":true}]}}