{"id":1290,"date":"2021-05-07T08:48:26","date_gmt":"2021-05-07T08:48:26","guid":{"rendered":"https:\/\/www.afandecor.es\/?p=1290"},"modified":"2023-06-08T10:29:24","modified_gmt":"2023-06-08T10:29:24","slug":"afandecor-energia-nuestra-linea-de-negocio-que-mira-al-futuro","status":"publish","type":"post","link":"https:\/\/www.afandecor.es\/fr\/2021\/05\/07\/afandecor-energia-nuestra-linea-de-negocio-que-mira-al-futuro\/","title":{"rendered":"<p style=\"text-align: center; font-size: 33px; line-height: 28px;\">Afandecor Energy : notre m\u00e9tier tourn\u00e9 vers l\u2019avenir<\/p>"},"content":{"rendered":"<p>La division \u00e9nergie du Grupo Afandecor est n\u00e9e apr\u00e8s la modification du d\u00e9cret royal 900\/2015 en octobre 2018, ce changement l\u00e9gislatif mettant fin \u00e0 ce que l&#039;on appelle commun\u00e9ment <em>\u00ab Taxe Soleil \u00bb<\/em> qui \u00e9ternisait les p\u00e9riodes d\u2019amortissement. \u00c0 partir de ce moment, la production d\u2019\u00e9nergie \u00e9lectrique pour l\u2019autoconsommation \u00e0 partir de panneaux photovolta\u00efques a commenc\u00e9 \u00e0 \u00eatre rentable, permettant de r\u00e9aliser de grandes \u00e9conomies et de courts d\u00e9lais d\u2019amortissement. C&#039;est pour cette raison que notre secteur d&#039;activit\u00e9 \u00e9nergie est n\u00e9 pour g\u00e9rer et r\u00e9aliser des installations photovolta\u00efques pour l&#039;autoconsommation industrielle et domestique.<\/p>\n\n\n\n<p>L&#039;\u00e9nergie solaire repr\u00e9sente des \u00e9conomies d&#039;\u00e9nergie pouvant atteindre jusqu&#039;\u00e0 90% de consommation \u00e9lectrique. De plus, les co\u00fbts d\u2019entretien sont minimes et c\u2019est une source in\u00e9puisable d\u2019\u00e9nergie autosuffisante.<\/p>\n\n\n\n<p class=\"has-normal-font-size\"><strong>Usage industriel:<\/strong><\/p>\n\n\n\n<p>Pour une entreprise, investir dans l\u2019installation de panneaux photovolta\u00efques, c\u2019est d\u00e9montrer son engagement ferme en faveur de la lutte contre le changement climatique. Outre l&#039;am\u00e9lioration de la responsabilit\u00e9 sociale de l&#039;entreprise en r\u00e9duisant les \u00e9missions de dioxyde de carbone, d&#039;importantes \u00e9conomies d&#039;\u00e9nergie se refl\u00e8tent dans la facture d&#039;\u00e9lectricit\u00e9.<\/p>\n\n\n<div class=\"wp-block-image\">\n<figure class=\"aligncenter size-large is-resized\"><img loading=\"lazy\" decoding=\"async\" src=\"https:\/\/www.afandecor.es\/wp-content\/uploads\/2021\/05\/AdobeStock_278869794-1-1024x496.jpeg\" alt=\"\" class=\"wp-image-1295\" width=\"626\" height=\"302\"\/><\/figure>\n<\/div>\n\n\n<p>Les sp\u00e9cialistes d&#039;Afandecor Energ\u00eda s&#039;occupent de l&#039;ensemble du processus de transformation industrielle pour compl\u00e9ter l&#039;engagement en faveur de l&#039;\u00e9nergie verte. Pour ce faire, une \u00e9tude pr\u00e9alable est r\u00e9alis\u00e9e sur la faisabilit\u00e9 du projet, son d\u00e9lai d&#039;amortissement et ses \u00e9conomies mensuelles d\u00e8s l&#039;installation. Nous sommes \u00e9galement au courant des aides et subventions existantes, en nous occupant de leur traitement, si n\u00e9cessaire.<\/p>\n\n\n\n<p>En moyenne, une r\u00e9duction des co\u00fbts du 85% se produit en seulement 7 ans. La superficie de la propri\u00e9t\u00e9 dont dispose l&#039;entreprise nous permet d&#039;installer les panneaux photovolta\u00efques qui transformeront la vie quotidienne de l&#039;entreprise.<\/p>\n\n\n\n<p class=\"has-normal-font-size\"><strong>Usage domestique:<\/strong><\/p>\n\n\n\n<p>Les avantages de l&#039;installation de panneaux photovolta\u00efques dans une maison sont multiples, tant pour l&#039;environnement que pour les poches des familles qui les int\u00e8grent d\u00e9sormais dans leur quotidien. Le solaire est une \u00e9nergie propre, silencieuse et tr\u00e8s simple \u00e0 installer. Gr\u00e2ce \u00e0 sa mise en \u0153uvre, les d\u00e9penses \u00e9nerg\u00e9tiques et \u00e9conomiques conna\u00eetront une diminution. Les \u00e9conomies annuelles peuvent atteindre jusqu&#039;\u00e0 650 \u20ac sur la facture d&#039;\u00e9lectricit\u00e9.<\/p>\n\n\n<div class=\"wp-block-image\">\n<figure class=\"aligncenter size-large is-resized\"><img loading=\"lazy\" decoding=\"async\" src=\"https:\/\/www.afandecor.es\/wp-content\/uploads\/2021\/05\/AdobeStock_301706270-1024x683.jpeg\" alt=\"\" class=\"wp-image-1293\" width=\"536\" height=\"357\"\/><\/figure>\n<\/div>\n\n\n<p>Non seulement c\u2019est un changement rentable pour les maisons unifamiliales, mais les avantages sont \u00e9galement nombreux pour les associations de propri\u00e9taires. Chez Afandecor Energ\u00eda, nous r\u00e9aliserons une \u00e9tude pour offrir des informations sur sa rentabilit\u00e9 pour le b\u00e2timent r\u00e9sidentiel. Ce montant sera plus \u00e9lev\u00e9 dans le cas des propri\u00e9t\u00e9s dot\u00e9es d&#039;ascenseurs, de garages, de piscines, de jardins et d&#039;autres \u00e9l\u00e9ments qui marquent la facture d&#039;\u00e9lectricit\u00e9.<\/p>","protected":false},"excerpt":{"rendered":"<p>La divisi\u00f3n de energ\u00eda de Grupo Afandecor naci\u00f3 tras la modificaci\u00f3n del Real Decreto 900\/2015 en octubre de 2018, con este cambio legislativo se pon\u00eda fin<span class=\"excerpt-hellip\"> [\u2026]<\/span><\/p>\n","protected":false},"author":9,"featured_media":1340,"comment_status":"open","ping_status":"open","sticky":false,"template":"","format":"image","meta":{"footnotes":""},"categories":[1],"tags":[],"class_list":["post-1290","post","type-post","status-publish","format-image","has-post-thumbnail","hentry","category-sin-categoria","post_format-post-format-image"],"_links":{"self":[{"href":"https:\/\/www.afandecor.es\/fr\/wp-json\/wp\/v2\/posts\/1290","targetHints":{"allow":["GET"]}}],"collection":[{"href":"https:\/\/www.afandecor.es\/fr\/wp-json\/wp\/v2\/posts"}],"about":[{"href":"https:\/\/www.afandecor.es\/fr\/wp-json\/wp\/v2\/types\/post"}],"author":[{"embeddable":true,"href":"https:\/\/www.afandecor.es\/fr\/wp-json\/wp\/v2\/users\/9"}],"replies":[{"embeddable":true,"href":"https:\/\/www.afandecor.es\/fr\/wp-json\/wp\/v2\/comments?post=1290"}],"version-history":[{"count":5,"href":"https:\/\/www.afandecor.es\/fr\/wp-json\/wp\/v2\/posts\/1290\/revisions"}],"predecessor-version":[{"id":2263,"href":"https:\/\/www.afandecor.es\/fr\/wp-json\/wp\/v2\/posts\/1290\/revisions\/2263"}],"wp:featuredmedia":[{"embeddable":true,"href":"https:\/\/www.afandecor.es\/fr\/wp-json\/wp\/v2\/media\/1340"}],"wp:attachment":[{"href":"https:\/\/www.afandecor.es\/fr\/wp-json\/wp\/v2\/media?parent=1290"}],"wp:term":[{"taxonomy":"category","embeddable":true,"href":"https:\/\/www.afandecor.es\/fr\/wp-json\/wp\/v2\/categories?post=1290"},{"taxonomy":"post_tag","embeddable":true,"href":"https:\/\/www.afandecor.es\/fr\/wp-json\/wp\/v2\/tags?post=1290"}],"curies":[{"name":"wp","href":"https:\/\/api.w.org\/{rel}","templated":true}]}}