{"id":1284,"date":"2021-05-06T10:19:36","date_gmt":"2021-05-06T10:19:36","guid":{"rendered":"https:\/\/www.afandecor.es\/?p=1284"},"modified":"2023-06-08T10:30:35","modified_gmt":"2023-06-08T10:30:35","slug":"las-ventanas-mas-famosas-del-cine","status":"publish","type":"post","link":"https:\/\/www.afandecor.es\/fr\/2021\/05\/06\/las-ventanas-mas-famosas-del-cine\/","title":{"rendered":"<p style=\"text-align: center; font-size: 33px; line-height: 28px;\">Les vitrines les plus c\u00e9l\u00e8bres du cin\u00e9ma<\/p>"},"content":{"rendered":"<p>Chez Afandecor Group, nous sommes conscients de la polyvalence d\u2019une fen\u00eatre. \u00c0 tel point qu\u2019au fil de l\u2019histoire, ils sont devenus les protagonistes inattendus de dizaines de films et ont contribu\u00e9 \u00e0 remplir les salles et \u00e0 ravir les plus cin\u00e9philes. A travers une fen\u00eatre, on peut contempler la vie, r\u00e9soudre un crime ou m\u00eame tomber amoureux. C\u2019est pourquoi nous faisons aujourd\u2019hui une compilation des<strong> 5 meilleurs films de l&#039;histoire avec Windows<\/strong> entre votre <em>&quot;distribution&quot;<\/em>.<\/p>\n\n\n\n<p class=\"has-text-align-center has-medium-font-size\"><strong>5- Le grand-p\u00e8re qui a saut\u00e9 par la fen\u00eatre et s&#039;est enfui<\/strong><\/p>\n\n\n<div class=\"wp-block-image\">\n<figure class=\"aligncenter is-resized\"><img loading=\"lazy\" decoding=\"async\" src=\"https:\/\/pics.filmaffinity.com\/hundraaringen_som_klev_ut_genom_fonstret_och_forsvann-395077157-mmed.jpg\" alt=\"El abuelo que salt\u00f3 por la ventana y se larg\u00f3 \" width=\"196\" height=\"278\"\/><\/figure>\n<\/div>\n\n\n<p>Ce film su\u00e9dois a \u00e9t\u00e9 r\u00e9alis\u00e9 en 2013 par Felix Herngren et est bas\u00e9 sur un roman de l&#039;\u00e9crivain Jonas Jonasson. En 2014, il a \u00e9t\u00e9 nomin\u00e9 pour le meilleur film europ\u00e9en aux Goya Awards et, un an plus tard, il s&#039;est rendu aux Oscars pour concourir pour la statuette du meilleur maquillage.<\/p>\n\n\n\n<p>Le film raconte l&#039;histoire d&#039;Allan Karlsson, un homme centenaire qui <strong>fuir par une fen\u00eatre<\/strong> de la r\u00e9sidence dans laquelle ils sont admis. A mi-chemin entre com\u00e9die et nostalgie, Allan revit quelques-unes de ses anecdotes improbables qui l&#039;ont inscrit dans l&#039;histoire vivante du XXe si\u00e8cle : rencontres uniques avec des personnages comme Staline ou Churchill, amiti\u00e9s compromettantes avec l&#039;\u00e9pouse de Mao, activit\u00e9s tr\u00e8s m\u00e9diatis\u00e9es risqu\u00e9es en tant que CIA. agent ou assistant dans la fabrication de la bombe atomique.<\/p>\n\n\n\n<p class=\"has-text-align-center has-medium-font-size\"><strong>4- Une fen\u00eatre sur la mer<\/strong><\/p>\n\n\n<div class=\"wp-block-image\">\n<figure class=\"aligncenter is-resized\"><img loading=\"lazy\" decoding=\"async\" src=\"https:\/\/pics.filmaffinity.com\/una_ventana_al_mar-527841021-mmed.jpg\" alt=\"Una ventana al mar \" width=\"209\" height=\"304\"\/><\/figure>\n<\/div>\n\n\n<p>Le cin\u00e9ma espagnol a \u00e9galement trait\u00e9 des fen\u00eatres tout au long de son histoire, m\u00eame si, dans des occasions comme celle-ci, il l&#039;a fait sous forme de m\u00e9taphore. Ce film de Miguel \u00c1ngel Jim\u00e9nez a \u00e9t\u00e9 pr\u00e9sent\u00e9 en avant-premi\u00e8re au Festival de Saint-S\u00e9bastien 2019 et raconte la vie de Mar\u00eda, une fonctionnaire de Bilbao diagnostiqu\u00e9e avec une grave maladie. Malgr\u00e9 cela, et contrairement \u00e0 son fils, elle d\u00e9cide de faire un voyage en Gr\u00e8ce avec ses deux meilleurs amis. L\u00e0, vous d\u00e9couvrirez l&#039;\u00eele de Nisyros, un petit havre de paix et de calme o\u00f9 vous ressentirez l&#039;envie de revivre. En explorant l&#039;\u00eele, le drame se transforme en romance lorsqu&#039;elle rencontre Stefanos. Ayant trouv\u00e9 l&#039;amour de sa vie, Mar\u00eda sera oblig\u00e9e de choisir entre retourner dans sa famille ou rester avec lui sur la petite \u00eele jusqu&#039;au bout.<\/p>\n\n\n\n<p class=\"has-text-align-center has-medium-font-size\"><strong>3- Fen\u00eatre sur Paris<\/strong><\/p>\n\n\n<div class=\"wp-block-image\">\n<figure class=\"aligncenter is-resized\"><img loading=\"lazy\" decoding=\"async\" src=\"https:\/\/pics.filmaffinity.com\/okno_v_parizh-477945106-mmed.jpg\" alt=\"Ventana a Par\u00eds \" width=\"194\" height=\"279\"\/><\/figure>\n<\/div>\n\n\n<p>Cette coproduction russo-fran\u00e7aise r\u00e9alis\u00e9e par Youri Mamime est une com\u00e9die surr\u00e9aliste se d\u00e9roulant dans la froide Moscou. Suivez les traces d&#039;un professeur de musique qui a perdu son emploi et doit emm\u00e9nager dans une chambre d&#039;un modeste immeuble, dont la derni\u00e8re occupante \u00e9tait une vieille femme d\u00e9c\u00e9d\u00e9e il y a plus d&#039;un an. Bizarrement, il trouve enferm\u00e9 dans le placard un chat en parfaite sant\u00e9 et bien nourri. Il en d\u00e9couvre bient\u00f4t les raisons : cette pi\u00e8ce a<strong> une fen\u00eatre qui relie directement la capitale russe \u00e0 Paris<\/strong>.<\/p>\n\n\n\n<p class=\"has-text-align-center has-medium-font-size\"><strong>2- La fen\u00eatre secr\u00e8te<\/strong><\/p>\n\n\n<div class=\"wp-block-image\">\n<figure class=\"aligncenter is-resized\"><img loading=\"lazy\" decoding=\"async\" src=\"https:\/\/pics.filmaffinity.com\/secret_window-245737047-mmed.jpg\" alt=\"La ventana secreta \" width=\"202\" height=\"281\"\/><\/figure>\n<\/div>\n\n\n<p>En 2004, David Koepp a adapt\u00e9 le roman <em>Fen\u00eatre secr\u00e8te, jardin secret <\/em>de Stephen King dans ce thriller psychologique mettant en vedette Johnny Deep et John Turturro.<\/p>\n\n\n\n<p>Deep, tr\u00e8s appr\u00e9ci\u00e9 par la critique, incarne un \u00e9crivain qui traverse une mauvaise p\u00e9riode de cr\u00e9ation. Dans de telles circonstances, appara\u00eet dans sa vie un \u00e9trange personnage qui l\u2019accuse d\u2019avoir plagi\u00e9 une de ses histoires : \u00ab<em>La fen\u00eatre secr\u00e8te<\/em>\u00bb.<\/p>\n\n\n\n<p class=\"has-text-align-center has-medium-font-size\"><strong>1- Lunette arri\u00e8re<\/strong><\/p>\n\n\n<div class=\"wp-block-image\">\n<figure class=\"aligncenter is-resized\"><img loading=\"lazy\" decoding=\"async\" src=\"https:\/\/pics.filmaffinity.com\/rear_window-982923492-mmed.jpg\" alt=\"La ventana indiscreta \" width=\"200\" height=\"296\"\/><\/figure>\n<\/div>\n\n\n<p>Comment pourrait-il en \u00eatre autrement, ce classique d&#039;Alfred Hitchcock devait \u00eatre <strong>le meilleur film pour vitrage<\/strong> de l&#039;histoire du septi\u00e8me art. Depuis sa cr\u00e9ation en 1954, il a fait l&#039;objet de multiples suites et r\u00e9f\u00e9rences audiovisuelles. M\u00eame la s\u00e9rie mythique Les Simpsons avait la sienne \u00bb<em>fen\u00eatre arri\u00e8re<\/em>\u00bb dans le premier \u00e9pisode de la sixi\u00e8me saison o\u00f9 le petit Bart espionne depuis sa chambre la face cach\u00e9e des habitants de Springfield.<\/p>\n\n\n\n<p>Le film culte pour tous les cin\u00e9philes traite de la situation de Stewart, un photojournaliste oblig\u00e9 de rester chez lui pour se reposer parce que sa jambe est dans le pl\u00e2tre. Pour \u00e9chapper \u00e0 l&#039;ennui, <strong>regarde depuis la fen\u00eatre de son appartement<\/strong> avec des jumelles, ce qui se passe dans les maisons d&#039;en face. En raison d&#039;une s\u00e9rie de circonstances \u00e9tranges, il commence \u00e0 soup\u00e7onner un voisin dont la femme a disparu.<\/p>","protected":false},"excerpt":{"rendered":"<p>En Grupo Afandecor somos conscientes de la versatilidad de una ventana. Tanto que a lo largo de la historia se han convertido en protagonistas inesperadas de<span class=\"excerpt-hellip\"> [\u2026]<\/span><\/p>\n","protected":false},"author":9,"featured_media":1341,"comment_status":"open","ping_status":"open","sticky":false,"template":"","format":"image","meta":{"footnotes":""},"categories":[19],"tags":[],"class_list":["post-1284","post","type-post","status-publish","format-image","has-post-thumbnail","hentry","category-ventanas","post_format-post-format-image"],"_links":{"self":[{"href":"https:\/\/www.afandecor.es\/fr\/wp-json\/wp\/v2\/posts\/1284","targetHints":{"allow":["GET"]}}],"collection":[{"href":"https:\/\/www.afandecor.es\/fr\/wp-json\/wp\/v2\/posts"}],"about":[{"href":"https:\/\/www.afandecor.es\/fr\/wp-json\/wp\/v2\/types\/post"}],"author":[{"embeddable":true,"href":"https:\/\/www.afandecor.es\/fr\/wp-json\/wp\/v2\/users\/9"}],"replies":[{"embeddable":true,"href":"https:\/\/www.afandecor.es\/fr\/wp-json\/wp\/v2\/comments?post=1284"}],"version-history":[{"count":4,"href":"https:\/\/www.afandecor.es\/fr\/wp-json\/wp\/v2\/posts\/1284\/revisions"}],"predecessor-version":[{"id":2264,"href":"https:\/\/www.afandecor.es\/fr\/wp-json\/wp\/v2\/posts\/1284\/revisions\/2264"}],"wp:featuredmedia":[{"embeddable":true,"href":"https:\/\/www.afandecor.es\/fr\/wp-json\/wp\/v2\/media\/1341"}],"wp:attachment":[{"href":"https:\/\/www.afandecor.es\/fr\/wp-json\/wp\/v2\/media?parent=1284"}],"wp:term":[{"taxonomy":"category","embeddable":true,"href":"https:\/\/www.afandecor.es\/fr\/wp-json\/wp\/v2\/categories?post=1284"},{"taxonomy":"post_tag","embeddable":true,"href":"https:\/\/www.afandecor.es\/fr\/wp-json\/wp\/v2\/tags?post=1284"}],"curies":[{"name":"wp","href":"https:\/\/api.w.org\/{rel}","templated":true}]}}