{"id":1279,"date":"2021-05-04T10:15:06","date_gmt":"2021-05-04T10:15:06","guid":{"rendered":"https:\/\/www.afandecor.es\/?p=1279"},"modified":"2023-06-08T10:30:41","modified_gmt":"2023-06-08T10:30:41","slug":"p-styletext-align-center-font-size-33px-line-height-28pxsu-casa-su-puerta-elige-material-acabado-prestaciones-p","status":"publish","type":"post","link":"https:\/\/www.afandecor.es\/fr\/2021\/05\/04\/p-styletext-align-center-font-size-33px-line-height-28pxsu-casa-su-puerta-elige-material-acabado-prestaciones-p\/","title":{"rendered":"<p style=\"text-align: center; font-size: 33px; line-height: 28px;\">Votre maison, votre porte : choisissez le mat\u00e9riau, la finition, les caract\u00e9ristiques...<\/p>"},"content":{"rendered":"<p style=\"font-size:18px\"><strong><em>ALUMINIUM<\/em><\/strong><\/p>\n\n\n\n<p>Les portes en aluminium que nous fabriquons au Grupo Afandecor sont des portes sp\u00e9ciales, non seulement en raison de leur mat\u00e9riau ou de l&#039;utilisation qui peut avoir lieu dans des usines, des locaux commerciaux, des maisons priv\u00e9es ou des b\u00e2timents, mais aussi en raison de leur conception et de la vaste gamme d&#039;offres que nous proposons. avoir. Notre engagement envers la qualit\u00e9 signifie que nous prenons en compte tous les go\u00fbts et besoins de nos clients, en offrant une finition personnalis\u00e9e en bois, acier, galvanis\u00e9, couleurs...<\/p>\n\n\n\n<p><strong>Pourquoi choisir des portes en aluminium ?<\/strong><br>Nos portes en aluminium offrent une excellente isolation thermique, ce qui les rend optimales si vous recherchez une faible consommation d&#039;\u00e9nergie. De plus, ils ont une bonne isolation acoustique, beaucoup de s\u00e9curit\u00e9 et ne n\u00e9cessitent aucun type de conservation ult\u00e9rieure car ils conservent longtemps leur aspect.<\/p>\n\n\n\n<p><strong>Une porte pour chaque besoin<\/strong><br>Actuellement, les mat\u00e9riaux pour les portes ont \u00e9volu\u00e9, il n&#039;est plus n\u00e9cessaire ni courant d&#039;installer la porte en bois typique, n\u00e9anmoins, lors de la fabrication de nos portes, nous prenons en compte l&#039;utilisation qui en sera faite. Ainsi, dans notre catalogue, vous trouverez, entre autres, les types de portes suivants :<\/p>\n\n\n\n<ul class=\"wp-block-list\">\n<li><strong>Portes ext\u00e9rieures : <\/strong>Ce type de porte est g\u00e9n\u00e9ralement comme une grande fen\u00eatre qui donne sur l&#039;ext\u00e9rieur, g\u00e9n\u00e9ralement vers le jardin, puisqu&#039;elle est constitu\u00e9e d&#039;une t\u00f4le d&#039;aluminium, avec de bonnes caract\u00e9ristiques d&#039;isolation thermique et acoustique, nous proposons diff\u00e9rentes finitions.<\/li>\n<\/ul>\n\n\n\n<ul class=\"wp-block-list\">\n<li><strong>Portes avec profil\u00e9s en aluminium : <\/strong>Ces portes combinent l&#039;aluminium et le verre. Ils sont tr\u00e8s polyvalents, car en plus d&#039;\u00eatre utilis\u00e9s \u00e0 l&#039;ext\u00e9rieur, ils peuvent \u00eatre utilis\u00e9s dans les bureaux et \u00e0 l&#039;int\u00e9rieur des maisons et des locaux pour d\u00e9limiter les environnements et les espaces. Comme nous sommes fabricants, nous pouvons les peindre en fonction des pi\u00e8ces dans lesquelles ils se trouvent. Pour mettre en \u0153uvre ses caract\u00e9ristiques isolantes, nous recommandons l&#039;utilisation de verre de haute qualit\u00e9 et la rupture des ponts thermiques.<\/li>\n<\/ul>\n\n\n\n<ul class=\"wp-block-list\">\n<li><strong>Portes d&#039;entr\u00e9e : <\/strong>Son utilisation apportera \u00e0 votre maison une grande s\u00e9curit\u00e9, ainsi qu&#039;une touche de modernit\u00e9, puisque vous pourrez d\u00e9cider de la finition et de ses accessoires (charni\u00e8res, type de s\u00e9curit\u00e9, poign\u00e9es de porte, etc.).<\/li>\n<\/ul>\n\n\n\n<p style=\"font-size:18px\"><strong><em>PVC<\/em><\/strong><\/p>\n\n\n\n<p>Au Grupo Afandecor, nous aimons prendre soin de la plan\u00e8te, c&#039;est pourquoi nous pensons que les portes en PVC sont un bon pari car lors de la cr\u00e9ation du mat\u00e9riau et de sa transformation ult\u00e9rieure en portes et fen\u00eatres, il n&#039;\u00e9met que de la vapeur d&#039;eau dans l&#039;atmosph\u00e8re. ne g\u00e9n\u00e8re aucune pollution et plus de la moiti\u00e9 de sa composition est du chlorure de sodium, un \u00e9l\u00e9ment largement pr\u00e9sent sur Terre.<\/p>\n\n\n\n<p><strong>Des avantages, des avantages et encore des avantages<\/strong><\/p>\n\n\n\n<p>Vous avez entendu parler des avantages et des inconv\u00e9nients, que le PVC est un d\u00e9riv\u00e9 du p\u00e9trole, que son prix est \u00e9lev\u00e9, qu&#039;il vaut mieux que... Nous, fabricants, vous disons :<\/p>\n\n\n\n<ol class=\"wp-block-list\" type=\"1\">\n<li>Votre maison sera insonoris\u00e9e puisque le PVC r\u00e9duit consid\u00e9rablement les nuisances sonores.<\/li>\n\n\n\n<li>Le froid et la chaleur resteront hors de votre maison ou de vos locaux puisque ses profil\u00e9s creux et ses cloisons garantissent une isolation thermique.<\/li>\n\n\n\n<li>Vous n\u2019aurez pas \u00e0 vous soucier de sa conservation, le PVC est un mat\u00e9riau durable et r\u00e9sistant.<\/li>\n\n\n\n<li>Vous aurez du temps pour vos loisirs, votre famille ou pour vous-m\u00eame : le nettoyage est tr\u00e8s simple, vous n&#039;aurez qu&#039;\u00e0 utiliser de l&#039;eau savonneuse pour le nettoyer.<\/li>\n\n\n\n<li>Votre maison, votre porte : la polyvalence du PVC et la large gamme de finitions disponibles vous permettront d&#039;avoir une porte totalement personnelle, en accord avec vos go\u00fbts et votre maison.<\/li>\n<\/ol>\n\n\n\n<p><strong>Cr\u00e9er une atmosph\u00e8re<\/strong><\/p>\n\n\n\n<p>Pour l&#039;\u00e9quipe Afandecor, les portes ne sont plus seulement un \u00e9l\u00e9ment de passage entre une zone \u00e0 une autre, ce sont des \u00e9l\u00e9ments d\u00e9coratifs qui s&#039;int\u00e8grent aux environnements et font partie de la maison, ce n&#039;est pas seulement un \u00e9l\u00e9ment pratique et n\u00e9cessaire, c&#039;est du design. , d\u00e9coration, style\u2026<\/p>\n\n\n\n<p><strong>Ouverture des portes<\/strong><\/p>\n\n\n\n<p>Il y a longtemps que l&#039;ouverture de l&#039;int\u00e9rieur vers l&#039;ext\u00e9rieur ou de l&#039;ext\u00e9rieur vers l&#039;int\u00e9rieur n&#039;est plus entr\u00e9e dans l&#039;histoire, la polyvalence du PVC et notre d\u00e9sir d&#039;avoir des clients satisfaits nous ont fait grandir et \u00e9voluer en pr\u00e9sentant diff\u00e9rents types d&#039;ouverture sur nos portes : coulissantes, automatiques, oscillo-battantes, battantes... et, pourquoi pas ? Nous fabriquons \u00e9galement des portes fixes.<\/p>\n\n\n\n<p>Si vous envisagez de r\u00e9nover les portes de votre maison, contactez-nous, nous vous \u00e9couterons et cr\u00e9erons la porte qui correspond le mieux \u00e0 vos besoins.<\/p>","protected":false},"excerpt":{"rendered":"<p>ALUMINIO Las puertas de aluminio que fabricamos en Grupo Afandecor son puertas especiales, no solo por su material o el uso que pueda darse en f\u00e1bricas,<span class=\"excerpt-hellip\"> [\u2026]<\/span><\/p>\n","protected":false},"author":9,"featured_media":1342,"comment_status":"open","ping_status":"open","sticky":false,"template":"","format":"image","meta":{"footnotes":""},"categories":[1],"tags":[],"class_list":["post-1279","post","type-post","status-publish","format-image","has-post-thumbnail","hentry","category-sin-categoria","post_format-post-format-image"],"_links":{"self":[{"href":"https:\/\/www.afandecor.es\/fr\/wp-json\/wp\/v2\/posts\/1279","targetHints":{"allow":["GET"]}}],"collection":[{"href":"https:\/\/www.afandecor.es\/fr\/wp-json\/wp\/v2\/posts"}],"about":[{"href":"https:\/\/www.afandecor.es\/fr\/wp-json\/wp\/v2\/types\/post"}],"author":[{"embeddable":true,"href":"https:\/\/www.afandecor.es\/fr\/wp-json\/wp\/v2\/users\/9"}],"replies":[{"embeddable":true,"href":"https:\/\/www.afandecor.es\/fr\/wp-json\/wp\/v2\/comments?post=1279"}],"version-history":[{"count":4,"href":"https:\/\/www.afandecor.es\/fr\/wp-json\/wp\/v2\/posts\/1279\/revisions"}],"predecessor-version":[{"id":2265,"href":"https:\/\/www.afandecor.es\/fr\/wp-json\/wp\/v2\/posts\/1279\/revisions\/2265"}],"wp:featuredmedia":[{"embeddable":true,"href":"https:\/\/www.afandecor.es\/fr\/wp-json\/wp\/v2\/media\/1342"}],"wp:attachment":[{"href":"https:\/\/www.afandecor.es\/fr\/wp-json\/wp\/v2\/media?parent=1279"}],"wp:term":[{"taxonomy":"category","embeddable":true,"href":"https:\/\/www.afandecor.es\/fr\/wp-json\/wp\/v2\/categories?post=1279"},{"taxonomy":"post_tag","embeddable":true,"href":"https:\/\/www.afandecor.es\/fr\/wp-json\/wp\/v2\/tags?post=1279"}],"curies":[{"name":"wp","href":"https:\/\/api.w.org\/{rel}","templated":true}]}}