{"id":1243,"date":"2021-04-23T10:54:11","date_gmt":"2021-04-23T10:54:11","guid":{"rendered":"https:\/\/www.afandecor.es\/?p=1243"},"modified":"2023-06-08T10:30:53","modified_gmt":"2023-06-08T10:30:53","slug":"utiliza-tu-atico-los-365-dias-del-ano","status":"publish","type":"post","link":"https:\/\/www.afandecor.es\/fr\/2021\/04\/23\/utiliza-tu-atico-los-365-dias-del-ano\/","title":{"rendered":"<p style=\"text-align: center; font-size: 33px; line-height: 28px;\">Utilisez votre grenier 365 jours par an !<\/p>"},"content":{"rendered":"<p>Vivre dans un grenier peut \u00eatre un r\u00eave : de belles vues, de la lumi\u00e8re, un petit jardin au centre de la ville... mais vivre \u00e0 l&#039;air libre a ses inconv\u00e9nients : changements de temp\u00e9rature plus importants, humidit\u00e9, d\u00e9t\u00e9rioration du trottoir, pr\u00e9sence de dolines. , bruit provenant de l&#039;ascenseur, acc\u00e8s plus facile pour les amis des autres et moins d&#039;espace de vie.<\/p>\n\n\n\n<p>Consciente de ces inconv\u00e9nients, Afandecor dispose d&#039;une \u00e9quipe de professionnels d\u00e9sireux de vous apporter les solutions les plus adapt\u00e9es \u00e0 vos besoins, pour ce faire elle propose diff\u00e9rents types d&#039;enceintes et <strong>met \u00e0 votre disposition designers et paysagistes<\/strong> puisque nous comprenons que la terrasse est une autre partie de la maison.<\/p>\n\n\n\n<p>Fermer un grenier est une belle opportunit\u00e9 pour gagner de l&#039;espace suppl\u00e9mentaire et am\u00e9liorer l&#039;isolation thermique et acoustique. Gr\u00e2ce aux cl\u00f4tures Afandecor, vous pouvez cr\u00e9er un <strong>espace confortable \u00e0 utiliser 365 jours par an<\/strong>.<\/p>\n\n\n\n<p class=\"has-medium-font-size\"><strong>Comment couvrir le grenier ?<\/strong><\/p>\n\n\n\n<p>Avant de commencer vos travaux nous devons conna\u00eetre vos go\u00fbts et vos attentes, si vous souhaitez int\u00e9grer l&#039;int\u00e9gralit\u00e9 de la terrasse \u00e0 votre habitation ou si au contraire vous souhaitez en conserver une partie, ce n&#039;est qu&#039;\u00e0 partir de l\u00e0 que nous pourrons vous proposer la meilleure cl\u00f4ture et conception de l&#039;espace, tant int\u00e9rieur qu&#039;ext\u00e9rieur. Nous avons deux options pour cr\u00e9er le penthouse de vos r\u00eaves :<\/p>\n\n\n\n<p>\u00b7&nbsp;&nbsp;&nbsp;&nbsp;&nbsp;&nbsp;&nbsp;&nbsp;&nbsp;<strong>Toit en verre :&nbsp;<\/strong>Ce syst\u00e8me permet de conserver la sensation d&#039;espace ouvert et de luminosit\u00e9 puisque la surface d&#039;aluminium utilis\u00e9e est minime. En hiver, cela repr\u00e9sente une belle \u00e9conomie d&#039;\u00e9nergie puisque le verre va capter les rayons du soleil. Au contraire, en \u00e9t\u00e9, la chaleur peut \u00eatre excessive, il sera donc conseill\u00e9 d&#039;installer un auvent ou similaire.<\/p>\n\n\n\n<p>\u00b7&nbsp;&nbsp;&nbsp;&nbsp;&nbsp;&nbsp;&nbsp;&nbsp;&nbsp;<strong>Toit en aluminium :&nbsp;<\/strong>Avec ce syst\u00e8me, l&#039;isolation thermique et acoustique est meilleure, cependant, vous devrez renoncer en partie \u00e0 la luminosit\u00e9.&nbsp;<\/p>\n\n\n\n<p>Ne vous inqui\u00e9tez pas car notre \u00e9quipe de paysagistes et d\u00e9corateurs est compos\u00e9e d&#039;experts pr\u00eats \u00e0 vous conseiller et \u00e0 vous aider \u00e0 r\u00e9pondre \u00e0 toutes vos attentes en mati\u00e8re de cl\u00f4ture de vos combles.<\/p>\n\n\n<div class=\"wp-block-image\">\n<figure class=\"aligncenter size-large is-resized\"><img loading=\"lazy\" decoding=\"async\" src=\"https:\/\/www.afandecor.es\/wp-content\/uploads\/2021\/04\/IMG_5950-1-1024x768.jpg\" alt=\"\" class=\"wp-image-1247\" width=\"702\" height=\"525\" srcset=\"https:\/\/www.afandecor.es\/wp-content\/uploads\/2021\/04\/IMG_5950-1-300x225.jpg 300w, https:\/\/www.afandecor.es\/wp-content\/uploads\/2021\/04\/IMG_5950-1-195x146.jpg 195w, https:\/\/www.afandecor.es\/wp-content\/uploads\/2021\/04\/IMG_5950-1-50x38.jpg 50w, https:\/\/www.afandecor.es\/wp-content\/uploads\/2021\/04\/IMG_5950-1-100x75.jpg 100w\" sizes=\"auto, (max-width: 702px) 100vw, 702px\" \/><\/figure>\n<\/div>\n\n\n<p class=\"has-medium-font-size\"><strong>Aluminium ou PVC ?<\/strong><\/p>\n\n\n\n<p>Pour nous, <strong>Les projets doivent \u00eatre adapt\u00e9s aux caract\u00e9ristiques de votre maison<\/strong>: accessibilit\u00e9, climat de la zone, pr\u00e9sence de chemin\u00e9es, poutres, drains, etc. Pour ces raisons, la structure et la fixation de votre abri sont tr\u00e8s importantes pour nous. Dans <strong>Afandecor nous nous adaptons pour r\u00e9aliser un projet sur mesure<\/strong> de chacun de nos clients.<\/p>\n\n\n\n<p>D&#039;un c\u00f4t\u00e9, <strong>L&#039;aluminium est un mat\u00e9riau l\u00e9ger, stable et robuste<\/strong> qui permet des styles architecturaux tr\u00e8s diff\u00e9rents et une infinit\u00e9 de finitions : imitation bois ou fer forg\u00e9, nuanciers tr\u00e8s larges, finitions diff\u00e9rentes... De m\u00eame, c&#039;est un mat\u00e9riau \u00e0 haute efficacit\u00e9 \u00e9nerg\u00e9tique, qui a sans aucun doute un impact positif sur la famille. des \u00e9conomies. Ses propri\u00e9t\u00e9s restent intactes malgr\u00e9 les variations climatiques.<\/p>\n\n\n\n<p>Cependant, \u00e9tant donn\u00e9 que nous sommes fabricants, nous pouvons d\u00e9velopper des abris \u00e0 toits fixes et mobiles qui reposent sur des structures verticales de haute qualit\u00e9 de construction, afin que vous ayez<strong>&nbsp;une fermeture \u00e0 vie<\/strong>. L\u2019utilisation du PVC peut \u00eatre votre meilleure option puisqu\u2019il s\u2019agit d\u2019un mat\u00e9riau inalt\u00e9rable qui s\u2019int\u00e8gre \u00e9galement parfaitement \u00e0 l\u2019esth\u00e9tique du b\u00e2timent et de ses environs. En plus de sa flexibilit\u00e9, c&#039;est un mat\u00e9riau 100% recyclable, respectueux de l&#039;environnement et r\u00e9sistant au feu et \u00e0 la condensation. Nous pouvons tout vous offrir, des fen\u00eatres coulissantes et pliantes aux rideaux de verre actuels et modernes.<\/p>\n\n\n\n<p>Le plus important c&#039;est que tu obtiennes <strong>un enclos sur mesure<\/strong>, con\u00e7u pour profiter et tirer le meilleur parti de votre maison. Bien que nous puissions concevoir l&#039;abri pour le climatiser et l&#039;utiliser toute l&#039;ann\u00e9e, vous n&#039;\u00eates pas oblig\u00e9 d&#039;abandonner votre terrasse puisque nous disposons d&#039;une large gamme de toitures mobiles : verre, polycarbonate, m\u00e9thacrylate, autoportantes, motoris\u00e9es, manuelles. , avec une ouverture allant jusqu&#039;\u00e0 90% sur sa surface.<\/p>","protected":false},"excerpt":{"rendered":"<p>Vivir en un \u00e1tico puede ser un sue\u00f1o: buenas vistas, luz, un peque\u00f1o jard\u00edn en el centro de la ciudad\u2026 pero vivir al descubierto tiene sus<span class=\"excerpt-hellip\"> [\u2026]<\/span><\/p>\n","protected":false},"author":9,"featured_media":1248,"comment_status":"open","ping_status":"open","sticky":false,"template":"","format":"image","meta":{"footnotes":""},"categories":[20],"tags":[],"class_list":["post-1243","post","type-post","status-publish","format-image","has-post-thumbnail","hentry","category-reformas","post_format-post-format-image"],"_links":{"self":[{"href":"https:\/\/www.afandecor.es\/fr\/wp-json\/wp\/v2\/posts\/1243","targetHints":{"allow":["GET"]}}],"collection":[{"href":"https:\/\/www.afandecor.es\/fr\/wp-json\/wp\/v2\/posts"}],"about":[{"href":"https:\/\/www.afandecor.es\/fr\/wp-json\/wp\/v2\/types\/post"}],"author":[{"embeddable":true,"href":"https:\/\/www.afandecor.es\/fr\/wp-json\/wp\/v2\/users\/9"}],"replies":[{"embeddable":true,"href":"https:\/\/www.afandecor.es\/fr\/wp-json\/wp\/v2\/comments?post=1243"}],"version-history":[{"count":8,"href":"https:\/\/www.afandecor.es\/fr\/wp-json\/wp\/v2\/posts\/1243\/revisions"}],"predecessor-version":[{"id":2267,"href":"https:\/\/www.afandecor.es\/fr\/wp-json\/wp\/v2\/posts\/1243\/revisions\/2267"}],"wp:featuredmedia":[{"embeddable":true,"href":"https:\/\/www.afandecor.es\/fr\/wp-json\/wp\/v2\/media\/1248"}],"wp:attachment":[{"href":"https:\/\/www.afandecor.es\/fr\/wp-json\/wp\/v2\/media?parent=1243"}],"wp:term":[{"taxonomy":"category","embeddable":true,"href":"https:\/\/www.afandecor.es\/fr\/wp-json\/wp\/v2\/categories?post=1243"},{"taxonomy":"post_tag","embeddable":true,"href":"https:\/\/www.afandecor.es\/fr\/wp-json\/wp\/v2\/tags?post=1243"}],"curies":[{"name":"wp","href":"https:\/\/api.w.org\/{rel}","templated":true}]}}