{"id":1172,"date":"2020-07-28T15:15:05","date_gmt":"2020-07-28T15:15:05","guid":{"rendered":"https:\/\/www.afandecor.es\/?p=1172"},"modified":"2023-06-08T10:32:19","modified_gmt":"2023-06-08T10:32:19","slug":"alexa-tenemos-ganas-de-comparar-las-facturas-energeticas-vamos-a-quedar-muy-gratamente-sorprendidos","status":"publish","type":"post","link":"https:\/\/www.afandecor.es\/fr\/2020\/07\/28\/alexa-tenemos-ganas-de-comparar-las-facturas-energeticas-vamos-a-quedar-muy-gratamente-sorprendidos\/","title":{"rendered":"<p style=\"text-align: center; font-size: 33px; line-height: 28px;\">Alexa : \u00ab On veut comparer les factures d\u2019\u00e9nergie, on va \u00eatre tr\u00e8s agr\u00e9ablement surpris \u00bb<\/p>"},"content":{"rendered":"<p><strong>La satisfaction de nos clients est notre meilleur gage de qualit\u00e9 !<\/strong> Notre \u00e9quipe continue de travailler pour r\u00e9pondre aux attentes de toutes les personnes qui font confiance au Grupo Afandecor.<\/p>\n\n\n\n<p>Aujourd&#039;hui, nous vous montrons une nouvelle success story en mati\u00e8re d&#039;isolation acoustique et thermique. Alexa a d\u00e9cid\u00e9 de nous contacter apr\u00e8s avoir re\u00e7u le <strong>recommandation d&#039;un ami<\/strong>, profitant du fait que le Plan Renove de la Communaut\u00e9 de Madrid \u00e9tait en vigueur : <em>\u00ab Il m&#039;a dit que tu travaillais tr\u00e8s vite, proprement et que tu avais toujours une grande attention. J&#039;ai d\u00e9cid\u00e9 de contacter le service commercial, <strong>En quelques heures ils sont venus faire la mesure, ils nous ont conseill\u00e9 sur les syst\u00e8mes et la subvention. <\/strong>Nous ne savions pas tr\u00e8s bien quel profil choisir et m\u00eame <strong>\u00ab Ils nous ont donn\u00e9 2 ou 3 devis pour que nous puissions d\u00e9cider \u00bb<\/strong><\/em><\/p>\n\n\n\n<p>Apr\u00e8s avoir analys\u00e9 les propositions et avec toutes les informations re\u00e7ues, ces clients ont opt\u00e9 pour un profil\u00e9 en PVC avec verre de protection solaire pour leur maison du nord de Madrid. De plus, ils ont motoris\u00e9 tous les stores et install\u00e9 des moustiquaires. <em>&quot;<strong>Ils nous ont parfaitement conseill\u00e9<\/strong>. Nous sommes tr\u00e8s satisfaits du rapport qualit\u00e9-prix du produit et de l&#039;isolation \u00e9nerg\u00e9tique et acoustique que nous avons r\u00e9alis\u00e9e. <strong>L&#039;installation \u00e9tait parfaite, <\/strong>Ils ont m\u00eame pris moins de temps que pr\u00e9vu. Maintenant <strong>Nous voulons comparer les factures d&#039;\u00e9nergie de cette ann\u00e9e avec celles de l&#039;ann\u00e9e derni\u00e8re,<\/strong> &quot;Je pense que nous allons \u00eatre tr\u00e8s agr\u00e9ablement surpris&quot;<\/em> a comment\u00e9 le propri\u00e9taire de cette maison.<\/p>\n\n\n\n<figure class=\"wp-block-gallery has-nested-images columns-default is-cropped wp-block-gallery-1 is-layout-flex wp-block-gallery-is-layout-flex\">\n<figure class=\"wp-block-image size-large\"><img loading=\"lazy\" decoding=\"async\" width=\"1024\" height=\"768\" data-id=\"1175\" src=\"https:\/\/www.afandecor.es\/wp-content\/uploads\/2020\/07\/IMG_8088-1024x768.jpg\" alt=\"\" class=\"wp-image-1175\" srcset=\"https:\/\/www.afandecor.es\/wp-content\/uploads\/2020\/07\/IMG_8088-1024x768.jpg 1024w, https:\/\/www.afandecor.es\/wp-content\/uploads\/2020\/07\/IMG_8088-300x225.jpg 300w, https:\/\/www.afandecor.es\/wp-content\/uploads\/2020\/07\/IMG_8088-768x576.jpg 768w, https:\/\/www.afandecor.es\/wp-content\/uploads\/2020\/07\/IMG_8088-1536x1152.jpg 1536w, https:\/\/www.afandecor.es\/wp-content\/uploads\/2020\/07\/IMG_8088-2048x1536.jpg 2048w, https:\/\/www.afandecor.es\/wp-content\/uploads\/2020\/07\/IMG_8088-195x146.jpg 195w, https:\/\/www.afandecor.es\/wp-content\/uploads\/2020\/07\/IMG_8088-50x38.jpg 50w, https:\/\/www.afandecor.es\/wp-content\/uploads\/2020\/07\/IMG_8088-100x75.jpg 100w\" sizes=\"auto, (max-width: 1024px) 100vw, 1024px\" \/><\/figure>\n<\/figure>\n\n\n\n<p>Ces clients ont fait <strong>toutes les fen\u00eatres de votre maison en deux phases<\/strong>, un total de 15 pi\u00e8ces\u00a0: <em>&quot;Lorsque nous avons effectu\u00e9 la premi\u00e8re installation, nous avons imm\u00e9diatement r\u00e9alis\u00e9 l&#039;isolation obtenue et avons d\u00e9cid\u00e9 de faire imm\u00e9diatement ce qu&#039;il nous restait avec Afandecor&quot;<\/em>.<\/p>\n\n\n\n<p>Au moment de la r\u00e9alisation de ce projet, le Plan R\u00e9nove de changement de fen\u00eatres \u00e9tait encore en vigueur, dont les clients ont pu profiter et dont ils sont \u00e9galement tr\u00e8s satisfaits : <em>\u00ab Cristina, responsable administrative du Grupo Afandecor, <strong>il s&#039;occupait de tout. Elle m&#039;a apport\u00e9 beaucoup de paix et de s\u00e9curit\u00e9 chaque fois que je lui ai parl\u00e9. Tout cela \u00e9tait tr\u00e8s efficace.<\/strong> Nous avons eu un probl\u00e8me en raison de ma nationalit\u00e9 pour recevoir la prime et ils ont r\u00e9solu le probl\u00e8me pour moi. Ils m&#039;ont \u00e9galement donn\u00e9 la possibilit\u00e9 de financer la totalit\u00e9 du remplacement des fen\u00eatres en deux ans. Gr\u00e2ce \u00e0 cela, nous avons de nouvelles fen\u00eatres, sinon nous n&#039;aurions pas pu tout faire. \u00bb<\/em>.<\/p>\n\n\n\n<blockquote class=\"wp-block-quote is-layout-flow wp-block-quote-is-layout-flow\">\n<p><strong>&quot;Nous avons pu b\u00e9n\u00e9ficier du Plan Renove et Afandecor s&#039;est occup\u00e9 de tout. Ils m&#039;ont apport\u00e9 beaucoup de s\u00e9curit\u00e9.&quot;<\/strong><\/p>\n<\/blockquote>\n\n\n\n<p>A la fin du rapport, <strong>Alexa a reconnu qu&#039;elle nous recommanderait \u00e9galement \u00e0 ses amis les plus proches.<\/strong>! Merci beaucoup d&#039;avoir partag\u00e9 votre exp\u00e9rience, nous esp\u00e9rons que vous appr\u00e9cierez vos nouveaux enclos.<\/p>","protected":false},"excerpt":{"rendered":"<p>\u00a1La satisfacci\u00f3n de nuestros clientes es nuestra mejor garant\u00eda de calidad! Nuestro equipo contin\u00faa trabajando para cumplir con las expectativas de todas las personas que conf\u00edan<span class=\"excerpt-hellip\"> [\u2026]<\/span><\/p>\n","protected":false},"author":9,"featured_media":1174,"comment_status":"open","ping_status":"open","sticky":false,"template":"","format":"image","meta":{"footnotes":""},"categories":[18],"tags":[],"class_list":["post-1172","post","type-post","status-publish","format-image","has-post-thumbnail","hentry","category-energia","post_format-post-format-image"],"_links":{"self":[{"href":"https:\/\/www.afandecor.es\/fr\/wp-json\/wp\/v2\/posts\/1172","targetHints":{"allow":["GET"]}}],"collection":[{"href":"https:\/\/www.afandecor.es\/fr\/wp-json\/wp\/v2\/posts"}],"about":[{"href":"https:\/\/www.afandecor.es\/fr\/wp-json\/wp\/v2\/types\/post"}],"author":[{"embeddable":true,"href":"https:\/\/www.afandecor.es\/fr\/wp-json\/wp\/v2\/users\/9"}],"replies":[{"embeddable":true,"href":"https:\/\/www.afandecor.es\/fr\/wp-json\/wp\/v2\/comments?post=1172"}],"version-history":[{"count":3,"href":"https:\/\/www.afandecor.es\/fr\/wp-json\/wp\/v2\/posts\/1172\/revisions"}],"predecessor-version":[{"id":2270,"href":"https:\/\/www.afandecor.es\/fr\/wp-json\/wp\/v2\/posts\/1172\/revisions\/2270"}],"wp:featuredmedia":[{"embeddable":true,"href":"https:\/\/www.afandecor.es\/fr\/wp-json\/wp\/v2\/media\/1174"}],"wp:attachment":[{"href":"https:\/\/www.afandecor.es\/fr\/wp-json\/wp\/v2\/media?parent=1172"}],"wp:term":[{"taxonomy":"category","embeddable":true,"href":"https:\/\/www.afandecor.es\/fr\/wp-json\/wp\/v2\/categories?post=1172"},{"taxonomy":"post_tag","embeddable":true,"href":"https:\/\/www.afandecor.es\/fr\/wp-json\/wp\/v2\/tags?post=1172"}],"curies":[{"name":"wp","href":"https:\/\/api.w.org\/{rel}","templated":true}]}}