{"id":1106,"date":"2020-02-28T11:48:41","date_gmt":"2020-02-28T11:48:41","guid":{"rendered":"https:\/\/www.afandecor.es\/?p=1106"},"modified":"2023-06-08T10:32:23","modified_gmt":"2023-06-08T10:32:23","slug":"fernando-fueron-meses-intensos-pero-merecio-la-pena-el-resultado-es-excepcional","status":"publish","type":"post","link":"https:\/\/www.afandecor.es\/fr\/2020\/02\/28\/fernando-fueron-meses-intensos-pero-merecio-la-pena-el-resultado-es-excepcional\/","title":{"rendered":"<p style=\"text-align: center; font-size: 33px; line-height: 28px;\">Fernando : \u00ab Ce furent des mois intenses mais \u00e7a valait le coup, le r\u00e9sultat est exceptionnel \u00bb<\/p>"},"content":{"rendered":"<p>Chez Afandecor Group, nous continuons \u00e0 travailler pour <strong>construire des maisons<\/strong>! Notre \u00e9quipe de r\u00e9novation <strong>Compl\u00e8tement transform\u00e9 ce penthouse de Majadahonda<\/strong> selon les go\u00fbts du client. L&#039;objectif principal \u00e9tait de r\u00e9aliser une nouvelle distribution de l&#039;espace, en cr\u00e9ant <strong>des espaces uniques avec de la personnalit\u00e9<\/strong>.<\/p>\n<p>Fernando, qui a connu l&#039;entreprise gr\u00e2ce \u00e0 la recommandation d&#039;amis, a soulign\u00e9 l&#039;attention de l&#039;\u00e9quipe : <em>\u00ab Avant, pendant et apr\u00e8s la r\u00e9forme, le <strong>le traitement a \u00e9t\u00e9 exquis<\/strong>. Toute l&#039;\u00e9quipe et notamment Raquel, l&#039;architecte technique qui a r\u00e9alis\u00e9 l&#039;ensemble des travaux, m&#039;ont apport\u00e9 une tr\u00e8s bonne attention. <strong>Tout au long du processus, nous avons partag\u00e9 des points de vue, des options, des alternatives... et tout a \u00e9t\u00e9 tr\u00e8s gratifiant et int\u00e9ressant.<\/strong>\u00bb<\/em>.<\/p>\n<p><img loading=\"lazy\" decoding=\"async\" class=\"size-medium wp-image-1086 aligncenter\" src=\"https:\/\/www.afandecor.es\/wp-content\/uploads\/2020\/02\/IMG_7004-300x225.jpg\" alt=\"\" width=\"300\" height=\"225\" srcset=\"https:\/\/www.afandecor.es\/wp-content\/uploads\/2020\/02\/IMG_7004-300x225.jpg 300w, https:\/\/www.afandecor.es\/wp-content\/uploads\/2020\/02\/IMG_7004-1024x768.jpg 1024w, https:\/\/www.afandecor.es\/wp-content\/uploads\/2020\/02\/IMG_7004-768x576.jpg 768w, https:\/\/www.afandecor.es\/wp-content\/uploads\/2020\/02\/IMG_7004-1536x1152.jpg 1536w, https:\/\/www.afandecor.es\/wp-content\/uploads\/2020\/02\/IMG_7004-2048x1536.jpg 2048w, https:\/\/www.afandecor.es\/wp-content\/uploads\/2020\/02\/IMG_7004-195x146.jpg 195w, https:\/\/www.afandecor.es\/wp-content\/uploads\/2020\/02\/IMG_7004-50x38.jpg 50w, https:\/\/www.afandecor.es\/wp-content\/uploads\/2020\/02\/IMG_7004-100x75.jpg 100w\" sizes=\"auto, (max-width: 300px) 100vw, 300px\" \/><\/p>\n<p>L&#039;\u00e9quipe de r\u00e9novation a r\u00e9alis\u00e9 des d\u00e9molitions, le renforcement de la structure de l&#039;escalier et le changement d&#039;emplacement, des travaux de ma\u00e7onnerie, d&#039;\u00e9lectricit\u00e9, de plomberie, de menuiserie ext\u00e9rieure et int\u00e9rieure, de chauffage, d&#039;\u00e9clairage... entre autres, pour atteindre <strong>les r\u00e9sultats vus dans les images<\/strong>. Le propri\u00e9taire a \u00e9valu\u00e9 l&#039;ensemble du processus avec ces mots\u00a0: <em>\u00abToutes les r\u00e9formes sont fastidieuses, et encore plus lorsqu&#039;elles sont globales, mais le r\u00e9sultat final est exceptionnel.<strong> Ce furent des mois intenses mais \u00e7a valait le coup<\/strong>\u00bb.<\/em><\/p>\n<p><img loading=\"lazy\" decoding=\"async\" class=\"size-medium wp-image-1089 aligncenter\" src=\"https:\/\/www.afandecor.es\/wp-content\/uploads\/2020\/02\/IMG_7044-300x225.jpg\" alt=\"\" width=\"300\" height=\"225\" srcset=\"https:\/\/www.afandecor.es\/wp-content\/uploads\/2020\/02\/IMG_7044-300x225.jpg 300w, https:\/\/www.afandecor.es\/wp-content\/uploads\/2020\/02\/IMG_7044-1024x768.jpg 1024w, https:\/\/www.afandecor.es\/wp-content\/uploads\/2020\/02\/IMG_7044-768x576.jpg 768w, https:\/\/www.afandecor.es\/wp-content\/uploads\/2020\/02\/IMG_7044-1536x1152.jpg 1536w, https:\/\/www.afandecor.es\/wp-content\/uploads\/2020\/02\/IMG_7044-2048x1536.jpg 2048w, https:\/\/www.afandecor.es\/wp-content\/uploads\/2020\/02\/IMG_7044-195x146.jpg 195w, https:\/\/www.afandecor.es\/wp-content\/uploads\/2020\/02\/IMG_7044-50x38.jpg 50w, https:\/\/www.afandecor.es\/wp-content\/uploads\/2020\/02\/IMG_7044-100x75.jpg 100w\" sizes=\"auto, (max-width: 300px) 100vw, 300px\" \/><\/p>\n<p>La nouvelle apparence de la maison, qui dispose d&#039;une cuisine ouverte, d&#039;une salle \u00e0 manger ouverte, de deux chambres avec salles de bains et d&#039;un grenier adapt\u00e9 \u00e0 la vie quotidienne, <strong>allie \u00e9l\u00e9gance et modernit\u00e9 dans chaque pi\u00e8ce<\/strong>. <em>&quot;Je suis tr\u00e8s <strong>reconnaissant pour l&#039;attention et surtout pour le r\u00e9sultat final<\/strong>. J\u2019appr\u00e9cie grandement la proximit\u00e9, l\u2019attention, l\u2019implication, la capacit\u00e9 de r\u00e9solution et d\u2019adaptation, ainsi que le fait qu\u2019il n\u2019y ait eu aucun incident pertinent tout au long du processus.<\/em>, a ajout\u00e9 le client.<\/p>\n<p>Fernando a reconnu qu&#039;il nous recommanderait \u00e0 ses connaissances ! Merci beaucoup de faire confiance \u00e0 Afandecor, <strong>Votre satisfaction est notre meilleure garantie de qualit\u00e9.<\/strong><\/p>","protected":false},"excerpt":{"rendered":"<p>\u00a1En Grupo Afandecor seguimos trabajando para construir hogares! Nuestro equipo de reformas transform\u00f3 integralmente este \u00e1tico de Majadahonda seg\u00fan las gustos del cliente. El objetivo principal<span class=\"excerpt-hellip\"> [\u2026]<\/span><\/p>\n","protected":false},"author":9,"featured_media":1090,"comment_status":"open","ping_status":"open","sticky":false,"template":"","format":"image","meta":{"footnotes":""},"categories":[20,19],"tags":[],"class_list":["post-1106","post","type-post","status-publish","format-image","has-post-thumbnail","hentry","category-reformas","category-ventanas","post_format-post-format-image"],"_links":{"self":[{"href":"https:\/\/www.afandecor.es\/fr\/wp-json\/wp\/v2\/posts\/1106","targetHints":{"allow":["GET"]}}],"collection":[{"href":"https:\/\/www.afandecor.es\/fr\/wp-json\/wp\/v2\/posts"}],"about":[{"href":"https:\/\/www.afandecor.es\/fr\/wp-json\/wp\/v2\/types\/post"}],"author":[{"embeddable":true,"href":"https:\/\/www.afandecor.es\/fr\/wp-json\/wp\/v2\/users\/9"}],"replies":[{"embeddable":true,"href":"https:\/\/www.afandecor.es\/fr\/wp-json\/wp\/v2\/comments?post=1106"}],"version-history":[{"count":4,"href":"https:\/\/www.afandecor.es\/fr\/wp-json\/wp\/v2\/posts\/1106\/revisions"}],"predecessor-version":[{"id":2271,"href":"https:\/\/www.afandecor.es\/fr\/wp-json\/wp\/v2\/posts\/1106\/revisions\/2271"}],"wp:featuredmedia":[{"embeddable":true,"href":"https:\/\/www.afandecor.es\/fr\/wp-json\/wp\/v2\/media\/1090"}],"wp:attachment":[{"href":"https:\/\/www.afandecor.es\/fr\/wp-json\/wp\/v2\/media?parent=1106"}],"wp:term":[{"taxonomy":"category","embeddable":true,"href":"https:\/\/www.afandecor.es\/fr\/wp-json\/wp\/v2\/categories?post=1106"},{"taxonomy":"post_tag","embeddable":true,"href":"https:\/\/www.afandecor.es\/fr\/wp-json\/wp\/v2\/tags?post=1106"}],"curies":[{"name":"wp","href":"https:\/\/api.w.org\/{rel}","templated":true}]}}