{"id":1058,"date":"2019-09-17T10:51:19","date_gmt":"2019-09-17T10:51:19","guid":{"rendered":"https:\/\/www.afandecor.es\/?p=1058"},"modified":"2023-06-08T10:32:38","modified_gmt":"2023-06-08T10:32:38","slug":"cubiertas-una-solucion-para-mejorar-en-aislamiento-y-ganar-metros","status":"publish","type":"post","link":"https:\/\/www.afandecor.es\/fr\/2019\/09\/17\/cubiertas-una-solucion-para-mejorar-en-aislamiento-y-ganar-metros\/","title":{"rendered":"<p style=\"text-align: center; font-size: 33px; line-height: 28px;\">Toitures : une solution pour am\u00e9liorer l\u2019isolation et gagner des compteurs<\/p>"},"content":{"rendered":"<p><span style=\"color: #000000;\">Pour l&#039;\u00e9quipe Afandecor, le <strong>protection de l&#039;environnement<\/strong> et le <strong>bien-\u00eatre de chacun de nos clients<\/strong>, Ils sont tr\u00e8s importants. C&#039;est pour cette raison que nous travaillons quotidiennement \u00e0 am\u00e9liorer notre isolation en aluminium et en PVC, en choisissant des mat\u00e9riaux de haute qualit\u00e9 et en vous conseillant de choisir la meilleure option pour votre maison.<\/span><\/p>\n<p><span style=\"color: #000000;\">Si vous envisagez d\u2019agrandir un espace ext\u00e9rieur de votre maison, une couverture peut devenir l\u2019une des meilleures solutions \u00e0 r\u00e9aliser. En plus de gagner des compteurs utiles \u00e0 toutes p\u00e9riodes de l&#039;ann\u00e9e, un <strong>pont<\/strong> il peut <strong>am\u00e9liorer l&#039;isolation de votre maison<\/strong> du mauvais temps. Fabriquer un enclos de ce type peut vous aider \u00e0 obtenir de meilleurs r\u00e9sultats <strong>confort<\/strong>, ongle <strong>r\u00e9duire votre facture d&#039;\u00e9nergie<\/strong>, \u00e9limine la condensation et de nombreux autres avantages.<\/span><\/p>\n<p><span style=\"color: #000000;\">Notre \u00e9quipe est soucieuse que chaque maison ait son enceinte appropri\u00e9e et que chaque client Afandecor soit pleinement satisfait. Les nouvelles technologies nous permettent de nous adapter aux go\u00fbts et aux besoins des clients, nous permettant ainsi de vous offrir <strong>plusieurs solutions<\/strong>: <strong>toitures fixes et mobiles, sandwich ou vitr\u00e9es avec profil\u00e9 aluminium ou PVC, ouvertures int\u00e9grales ou partielles, manuelles ou automatis\u00e9es, fen\u00eatres oscillo-battantes, avec rideaux de verre, battantes, basculantes...<\/strong> Bref, nous mettons \u00e0 vos pieds tout un monde d&#039;abris, tous de la meilleure qualit\u00e9 et tr\u00e8s isolants.<\/span><\/p>\n<p><span style=\"color: #000000;\">Qu&#039;il s&#039;agisse d&#039;une maison collective ou individuelle, le <strong>d\u00e9t\u00e9rioration subie par les toitures<\/strong> C&#039;est une r\u00e9alit\u00e9 qui nous oblige \u00e0 les changer de temps en temps.<\/span><br \/>\n<span style=\"color: #000000;\">Nos toitures en tuiles constituent un excellent isolant thermique et acoustique, qu&#039;elles soient en Aluminium ou en PVC, puisque nous disposons de mat\u00e9riaux tr\u00e8s r\u00e9sistants aux conditions extr\u00eames.<\/span><\/p>\n<p><span style=\"color: #000000;\">Par contre, il est tr\u00e8s courant que lorsqu&#039;on parle de couvertures on pense au toit, \u00e0 la terrasse, au gazebo, au porche... mais tout comme on peut avoir une terrasse ferm\u00e9e en hiver et ouverte en \u00e9t\u00e9, on peut le faire la m\u00eame chose avec le <strong>piscine, aire de pique-nique, kiosque ou jardin<\/strong>. Si vous disposez d&#039;un espace pr\u00e9sentant ces caract\u00e9ristiques, nous serons heureux de vous conseiller et de cr\u00e9er une couverture sur mesure qui vous permettra d&#039;en profiter aussi bien en hiver qu&#039;en \u00e9t\u00e9, beau temps, mauvais temps. Gr\u00e2ce aux enceintes et couvertures Afandecor, <strong>les saisons disparaissent<\/strong>, vous pourrez profiter de la piscine ou de votre jardin toute l&#039;ann\u00e9e.<\/span><\/p>\n<p><span style=\"color: #000000;\">Nos professionnels vous expliqueront les possibilit\u00e9s et r\u00e9pondront \u00e0 toutes vos questions. Prenez rendez-vous au 91 644 84 34 ou en \u00e9crivant \u00e0 <a style=\"color: #000000;\" href=\"mailto:info@afandecor.es\">info@afandecor.es<\/a>, nous serons heureux de vous aider et sans aucun type d&#039;engagement.<\/span><\/p>","protected":false},"excerpt":{"rendered":"<p>Para el equipo Afandecor, el cuidado del medioambiente y el bienestar de cada uno de nuestros clientes, son muy importantes. Por ello, trabajamos a diario para<span class=\"excerpt-hellip\"> [\u2026]<\/span><\/p>\n","protected":false},"author":9,"featured_media":1059,"comment_status":"open","ping_status":"open","sticky":false,"template":"","format":"image","meta":{"footnotes":""},"categories":[20,17],"tags":[],"class_list":["post-1058","post","type-post","status-publish","format-image","has-post-thumbnail","hentry","category-reformas","category-rehabilitacion-energetica","post_format-post-format-image"],"_links":{"self":[{"href":"https:\/\/www.afandecor.es\/fr\/wp-json\/wp\/v2\/posts\/1058","targetHints":{"allow":["GET"]}}],"collection":[{"href":"https:\/\/www.afandecor.es\/fr\/wp-json\/wp\/v2\/posts"}],"about":[{"href":"https:\/\/www.afandecor.es\/fr\/wp-json\/wp\/v2\/types\/post"}],"author":[{"embeddable":true,"href":"https:\/\/www.afandecor.es\/fr\/wp-json\/wp\/v2\/users\/9"}],"replies":[{"embeddable":true,"href":"https:\/\/www.afandecor.es\/fr\/wp-json\/wp\/v2\/comments?post=1058"}],"version-history":[{"count":2,"href":"https:\/\/www.afandecor.es\/fr\/wp-json\/wp\/v2\/posts\/1058\/revisions"}],"predecessor-version":[{"id":2273,"href":"https:\/\/www.afandecor.es\/fr\/wp-json\/wp\/v2\/posts\/1058\/revisions\/2273"}],"wp:featuredmedia":[{"embeddable":true,"href":"https:\/\/www.afandecor.es\/fr\/wp-json\/wp\/v2\/media\/1059"}],"wp:attachment":[{"href":"https:\/\/www.afandecor.es\/fr\/wp-json\/wp\/v2\/media?parent=1058"}],"wp:term":[{"taxonomy":"category","embeddable":true,"href":"https:\/\/www.afandecor.es\/fr\/wp-json\/wp\/v2\/categories?post=1058"},{"taxonomy":"post_tag","embeddable":true,"href":"https:\/\/www.afandecor.es\/fr\/wp-json\/wp\/v2\/tags?post=1058"}],"curies":[{"name":"wp","href":"https:\/\/api.w.org\/{rel}","templated":true}]}}