{"id":1053,"date":"2019-09-06T14:11:26","date_gmt":"2019-09-06T14:11:26","guid":{"rendered":"https:\/\/www.afandecor.es\/?p=1053"},"modified":"2023-06-08T10:32:44","modified_gmt":"2023-06-08T10:32:44","slug":"viviendas-con-vistas-que-se-pueden-adaptar","status":"publish","type":"post","link":"https:\/\/www.afandecor.es\/fr\/2019\/09\/06\/viviendas-con-vistas-que-se-pueden-adaptar\/","title":{"rendered":"<p style=\"text-align: center; font-size: 33px; line-height: 28px;\">Des maisons avec des vues modulables<\/p>"},"content":{"rendered":"<p>\u00a1<strong>R\u00e9nover un grenier <\/strong>C&#039;est une excellente opportunit\u00e9 de gagner <strong>espace suppl\u00e9mentaire<\/strong>! Lorsqu&#039;il s&#039;agit d&#039;ex\u00e9cuter un travail et de concevoir ces caract\u00e9ristiques, l&#039;\u00e9quipe d&#039;Afandecor a beaucoup <strong>pr\u00e9senter les go\u00fbts<\/strong> de chaque client, sans perdre de vue les besoins de ce type de logement : <strong>des espaces spacieux, agr\u00e9ables et lumineux<\/strong> qui vous font oublier que vous \u00eates au centre d&#039;une grande ville.<\/p>\n<p>Il y a un mythe qui dit que <strong>Les greniers ont tendance \u00e0 \u00eatre des maisons plus froides<\/strong> et expos\u00e9 \u00e0 plus d&#039;humidit\u00e9 que le reste des sols. Notre \u00e9quipe d&#039;architectes et de techniciens nie cette croyance, puisqu&#039;ils proposeront le <strong>meilleure solution pour isoler votre maison<\/strong> avec notre <strong>fen\u00eatres et cl\u00f4ture en aluminium et PVC<\/strong>.<\/p>\n<p>Une autre solution que nous proposons pour am\u00e9liorer l&#039;isolation thermique et acoustique est de cr\u00e9er <strong>faux plafonds<\/strong>. \u00c0 long terme, vous remarquerez le correspondant <strong>\u00e9conomies d&#039;\u00e9nergie et \u00e9conomiques<\/strong> que cela implique, et vous pouvez cacher les installations de climatisation et d&#039;\u00e9clairage \u00e0 l&#039;int\u00e9rieur, pour que tout soit en ordre <strong>harmonie avec l&#039;environnement<\/strong>.<\/p>\n<p>Une autre fausse croyance \u00e0 propos des greniers est qu&#039;ils ont <strong>beaucoup d&#039;espace perdu<\/strong> en raison de la structure qu&#039;elle pr\u00e9sente parfois : zones avec des plafonds plus bas en raison de la forme du toit, zones d&#039;escaliers ou d&#039;irr\u00e9gularit\u00e9s... Il suffit d&#039;\u00eatre <strong>cr\u00e9atif et voir les opportunit\u00e9s l\u00e0 o\u00f9 elles existent<\/strong>. Notre \u00e9quipe de designers et d\u2019architectes d\u2019int\u00e9rieur estime que les marches d\u2019escalier ne doivent pas n\u00e9cessairement \u00eatre de simples trous ! Ils peuvent \u00eatre certains <strong>superbes tiroirs<\/strong>. Et qu\u2019en est-il de l\u2019espace inf\u00e9rieur du salon ? Ici, vous pouvez cr\u00e9er un <strong>aire de jeux pour vos enfants. <\/strong><\/p>\n<p>Afandecor \u00e9tudiera votre cas et vous proposera diverses solutions telles que <strong>recouvrir une partie de la terrasse et l&#039;int\u00e9grer au s\u00e9jour ou<\/strong>&nbsp;cr\u00e9er une <strong>chambre \u00e0 double usage<\/strong> selon la p\u00e9riode de l&#039;ann\u00e9e. Notre \u00e9quipe ne se concentrera pas uniquement sur l\u2019int\u00e9rieur, car elle proposera un plan pour que l\u2019int\u00e9rieur et l\u2019ext\u00e9rieur se m\u00e9langent.<\/p>\n<p>Qu&#039;attendez-vous pour adapter et r\u00e9aliser un changement dans vos combles ? Faites confiance \u00e0 Afandecor, <strong>le 96% nos clients nous recommandent<\/strong>!<\/p>","protected":false},"excerpt":{"rendered":"<p>\u00a1Reformar un \u00e1tico es una gran oportunidad para ganar espacio extra! A la hora de ejecutar una obra y dise\u00f1o de estas caracter\u00edsticas, el equipo Afandecor<span class=\"excerpt-hellip\"> [\u2026]<\/span><\/p>\n","protected":false},"author":9,"featured_media":1054,"comment_status":"open","ping_status":"open","sticky":false,"template":"","format":"image","meta":{"footnotes":""},"categories":[20,19],"tags":[],"class_list":["post-1053","post","type-post","status-publish","format-image","has-post-thumbnail","hentry","category-reformas","category-ventanas","post_format-post-format-image"],"_links":{"self":[{"href":"https:\/\/www.afandecor.es\/fr\/wp-json\/wp\/v2\/posts\/1053","targetHints":{"allow":["GET"]}}],"collection":[{"href":"https:\/\/www.afandecor.es\/fr\/wp-json\/wp\/v2\/posts"}],"about":[{"href":"https:\/\/www.afandecor.es\/fr\/wp-json\/wp\/v2\/types\/post"}],"author":[{"embeddable":true,"href":"https:\/\/www.afandecor.es\/fr\/wp-json\/wp\/v2\/users\/9"}],"replies":[{"embeddable":true,"href":"https:\/\/www.afandecor.es\/fr\/wp-json\/wp\/v2\/comments?post=1053"}],"version-history":[{"count":3,"href":"https:\/\/www.afandecor.es\/fr\/wp-json\/wp\/v2\/posts\/1053\/revisions"}],"predecessor-version":[{"id":2274,"href":"https:\/\/www.afandecor.es\/fr\/wp-json\/wp\/v2\/posts\/1053\/revisions\/2274"}],"wp:featuredmedia":[{"embeddable":true,"href":"https:\/\/www.afandecor.es\/fr\/wp-json\/wp\/v2\/media\/1054"}],"wp:attachment":[{"href":"https:\/\/www.afandecor.es\/fr\/wp-json\/wp\/v2\/media?parent=1053"}],"wp:term":[{"taxonomy":"category","embeddable":true,"href":"https:\/\/www.afandecor.es\/fr\/wp-json\/wp\/v2\/categories?post=1053"},{"taxonomy":"post_tag","embeddable":true,"href":"https:\/\/www.afandecor.es\/fr\/wp-json\/wp\/v2\/tags?post=1053"}],"curies":[{"name":"wp","href":"https:\/\/api.w.org\/{rel}","templated":true}]}}