{"id":1044,"date":"2019-08-22T15:06:09","date_gmt":"2019-08-22T15:06:09","guid":{"rendered":"https:\/\/www.afandecor.es\/?p=1044"},"modified":"2023-06-08T10:32:56","modified_gmt":"2023-06-08T10:32:56","slug":"en-afandecor-somos-expertos-en-crear-espacio","status":"publish","type":"post","link":"https:\/\/www.afandecor.es\/fr\/2019\/08\/22\/en-afandecor-somos-expertos-en-crear-espacio\/","title":{"rendered":"<p style=\"text-align: center; font-size: 33px; line-height: 28px;\">Chez Afandecor, nous sommes experts dans la cr\u00e9ation d&#039;espace<\/p>"},"content":{"rendered":"<p><span style=\"color: #000000;\">Les appartements sont g\u00e9n\u00e9ralement des logements de petite taille qui n\u00e9cessitent de jouer avec la cr\u00e9ation de <strong>espaces ouverts<\/strong> pour gagner <strong>amplitude<\/strong> et<strong> luminosit\u00e9<\/strong>, en m\u00eame temps qu&#039;on cr\u00e9e<strong> espaces intimes<\/strong>.<\/span><\/p>\n<p><span style=\"color: #000000;\">Lorsqu&#039;il s&#039;agit de r\u00e9nover ce type de maison, Afandecor s&#039;engage \u00e0 <strong>tons clairs<\/strong> sur les murs car ils procurent une sensation d&#039;espace et de lumi\u00e8re. Ces couleurs, combin\u00e9es \u00e0 de petites<strong> \u00e9l\u00e9ments color\u00e9s<\/strong> dans les moulures, coussins, tapis... ils permettent d&#039;harmoniser les diff\u00e9rentes pi\u00e8ces et apportent un <strong>touche sp\u00e9ciale<\/strong> \u00e0 chaque foyer.<\/span><\/p>\n<p><span style=\"color: #000000;\"><strong>TOUT COULE<\/strong><\/span><\/p>\n<p><span style=\"color: #000000;\">Une tr\u00e8s bonne solution pour agrandir les espaces est de cr\u00e9er <strong>des espaces uniques et bien r\u00e9partis<\/strong> et dans lequel l&#039;espace circule. Notre \u00e9quipe \u00e9tudie chaque s\u00e9jour en d\u00e9tail, <strong>tirer le meilleur parti de la lumi\u00e8re naturelle<\/strong>. Il existe de nombreuses solutions : <strong>pi\u00e8ces ouvertes, zones d\u00e9limit\u00e9es, espaces de rangement suppl\u00e9mentaires...<\/strong> Vous pensez peut-\u00eatre que l\u2019espace au-dessus de la porte est un espace inutile, mais on y voit une grande \u00e9tag\u00e8re ; cet espace sous la fen\u00eatre... pour nous, cela peut devenir un bon coin de lecture.<\/span><\/p>\n<p><span style=\"color: #000000;\">En revanche, le choix que vous faites du <strong>meubles<\/strong> de votre appartement sera tr\u00e8s important. Optez pour un meuble ou un lieu sur mesure <strong>fen\u00eatres et portes coulissantes<\/strong> Ils constituent une autre option pour gagner des compteurs dans les maisons.<\/span><\/p>\n<p><span style=\"color: #000000;\">N&#039;h\u00e9sitez pas \u00e0 nous contacter chez Afandecor <strong>nous sommes experts dans la cr\u00e9ation d&#039;espace<\/strong>. Dites-nous ce dont vous avez besoin et faites confiance \u00e0 notre \u00e9quipe, \u00e0 la fin du processus\u201d<strong>je parlerai tr\u00e8s bien de nous<\/strong>\u00bb.<\/span><\/p>","protected":false},"excerpt":{"rendered":"<p>Los apartamentos por lo general son viviendas de peque\u00f1o tama\u00f1o que requieren jugar con la creaci\u00f3n de espacios di\u00e1fanos para ganar amplitud y luminosidad, al mismo<span class=\"excerpt-hellip\"> [\u2026]<\/span><\/p>\n","protected":false},"author":9,"featured_media":1045,"comment_status":"open","ping_status":"open","sticky":false,"template":"","format":"image","meta":{"footnotes":""},"categories":[20],"tags":[],"class_list":["post-1044","post","type-post","status-publish","format-image","has-post-thumbnail","hentry","category-reformas","post_format-post-format-image"],"_links":{"self":[{"href":"https:\/\/www.afandecor.es\/fr\/wp-json\/wp\/v2\/posts\/1044","targetHints":{"allow":["GET"]}}],"collection":[{"href":"https:\/\/www.afandecor.es\/fr\/wp-json\/wp\/v2\/posts"}],"about":[{"href":"https:\/\/www.afandecor.es\/fr\/wp-json\/wp\/v2\/types\/post"}],"author":[{"embeddable":true,"href":"https:\/\/www.afandecor.es\/fr\/wp-json\/wp\/v2\/users\/9"}],"replies":[{"embeddable":true,"href":"https:\/\/www.afandecor.es\/fr\/wp-json\/wp\/v2\/comments?post=1044"}],"version-history":[{"count":1,"href":"https:\/\/www.afandecor.es\/fr\/wp-json\/wp\/v2\/posts\/1044\/revisions"}],"predecessor-version":[{"id":1046,"href":"https:\/\/www.afandecor.es\/fr\/wp-json\/wp\/v2\/posts\/1044\/revisions\/1046"}],"wp:featuredmedia":[{"embeddable":true,"href":"https:\/\/www.afandecor.es\/fr\/wp-json\/wp\/v2\/media\/1045"}],"wp:attachment":[{"href":"https:\/\/www.afandecor.es\/fr\/wp-json\/wp\/v2\/media?parent=1044"}],"wp:term":[{"taxonomy":"category","embeddable":true,"href":"https:\/\/www.afandecor.es\/fr\/wp-json\/wp\/v2\/categories?post=1044"},{"taxonomy":"post_tag","embeddable":true,"href":"https:\/\/www.afandecor.es\/fr\/wp-json\/wp\/v2\/tags?post=1044"}],"curies":[{"name":"wp","href":"https:\/\/api.w.org\/{rel}","templated":true}]}}