{"id":1037,"date":"2019-08-06T15:16:29","date_gmt":"2019-08-06T15:16:29","guid":{"rendered":"https:\/\/www.afandecor.es\/?p=1037"},"modified":"2023-06-08T10:33:07","modified_gmt":"2023-06-08T10:33:07","slug":"buscando-la-ventana-perfecta","status":"publish","type":"post","link":"https:\/\/www.afandecor.es\/fr\/2019\/08\/06\/buscando-la-ventana-perfecta\/","title":{"rendered":"<p style=\"text-align: center; font-size: 33px; line-height: 28px;\">\u00c0 la recherche de la fen\u00eatre parfaite !<\/p>"},"content":{"rendered":"<p><span style=\"color: #000000;\">Le <strong>les fen\u00eatres sont essentielles<\/strong> chez nous ! \u00c0 travers eux entre le <strong>lumi\u00e8re naturelle<\/strong> et servir de <strong>\u00e9l\u00e9ment de communication entre int\u00e9rieur et ext\u00e9rieur<\/strong> de la maison, permettant l&#039;a\u00e9ration des diff\u00e9rentes pi\u00e8ces. Chez Afandecor, comme <strong>fabricants et installateurs<\/strong> de <strong>menuiserie aluminium et PVC<\/strong>, nous nous engageons \u00e0 vous proposer les fen\u00eatres qui s&#039;adaptent le mieux \u00e0 vos besoins, en recherchant toujours l&#039;\u00e9quilibre entre praticit\u00e9, esth\u00e9tique, respect de l&#039;environnement et \u00e9conomies d&#039;\u00e9nergie.<\/span><\/p>\n<p><span style=\"color: #000000;\">Lorsque vous recherchez la fen\u00eatre parfaite pour votre maison, vous pouvez choisir parmi une grande vari\u00e9t\u00e9 de syst\u00e8mes en fonction de vos objectifs et de vos go\u00fbts : &nbsp;<\/span><\/p>\n<ul>\n<li><span style=\"color: #000000;\"><strong>Fen\u00eatres ouvrantes\u00a0: <\/strong>L&#039;ouverture est totale et ils offrent une bonne isolation thermique et acoustique.<\/span><\/li>\n<li><span style=\"color: #000000;\"><strong>Fen\u00eatres coulissantes : <\/strong>Son ouverture est haute, mais pas totale.<\/span><\/li>\n<li><span style=\"color: #000000;\"><strong>Fen\u00eatres oscillo-battantes : <\/strong>Ils permettent de les ouvrir aussi bien sur le dessus que sur les c\u00f4t\u00e9s, permettant ainsi de r\u00e9gler la ventilation. Son isolation acoustique et thermique est totale.<\/span><\/li>\n<li><span style=\"color: #000000;\"><strong>Fen\u00eatres \u00e0 guillotine\u00a0: <\/strong>Les feuilles bougent verticalement.<\/span><\/li>\n<li><span style=\"color: #000000;\"><strong>Fen\u00eatres \u00e0 battants\u00a0: <\/strong>La pr\u00e9sence de charni\u00e8res en haut et en bas permet de les ouvrir vers l&#039;int\u00e9rieur et vers l&#039;ext\u00e9rieur.<\/span><\/li>\n<li><span style=\"color: #000000;\"><strong>Fen\u00eatres pivotantes\u00a0: <\/strong>Les possibilit\u00e9s d&#039;ouverture de ce type de fen\u00eatre sont totales, puisqu&#039;elle poss\u00e8de des charni\u00e8res de tous les c\u00f4t\u00e9s. L&#039;isolation de ce type de fen\u00eatres est totale.<\/span><\/li>\n<li><span style=\"color: #000000;\"><strong>Fen\u00eatres pliantes : <\/strong>Ils permettent l&#039;ouverture compl\u00e8te de l&#039;ouvrant.<\/span><\/li>\n<li><span style=\"color: #000000;\"><strong>Yeux de b\u0153uf\u00a0: <\/strong>Fen\u00eatres circulaires, nous \u00e9tudierons chaque cas sp\u00e9cifique pour r\u00e9aliser la configuration la mieux adapt\u00e9e au client.<\/span><\/li>\n<li><span style=\"color: #000000;\"><strong>Puits de lumi\u00e8re ou lucarnes : <\/strong>Nous pla\u00e7ons les fen\u00eatres sur le toit ou le toit en profitant de son inclinaison. L&#039;utilisation d&#039;aluminium et de verre sp\u00e9cial permet d&#039;isoler la zone du soleil en \u00e9t\u00e9 et de l&#039;utiliser en hiver.<\/span><\/li>\n<\/ul>\n<p><span style=\"color: #000000;\"><strong>PLAN DE RENOUVELLEMENT DE LA COMMUNAUT\u00c9 DE MADRID<\/strong><\/span><\/p>\n<p><span style=\"color: #000000;\">S&#039;il veut <strong>remplacez vos anciennes fen\u00eatres<\/strong> D\u00e9sormais, vous pourrez b\u00e9n\u00e9ficier de l&#039;aide propos\u00e9e par la Communaut\u00e9 de Madrid. Depuis son entr\u00e9e en vigueur le 1er avril 2019, Afandecor est affili\u00e9e au Plan R\u00e9nove. Notre \u00e9quipe traitera la subvention, tant qu&#039;elle est valable, en vous conseillant sur les exigences et les conditions sans aucun type d&#039;engagement.<\/span><\/p>\n<p><span style=\"color: #000000;\"><strong>Faites confiance \u00e0 Afandecor pour trouver la fen\u00eatre parfaite ! Nos clients parlent beaucoup de nous !<\/strong>!<\/span><\/p>","protected":false},"excerpt":{"rendered":"<p>\u00a1Las ventanas son imprescindibles en nuestros hogares! A trav\u00e9s de ellas entra la luz natural y sirven como elemento de comunicaci\u00f3n entre el interior y el<span class=\"excerpt-hellip\"> [\u2026]<\/span><\/p>\n","protected":false},"author":9,"featured_media":1038,"comment_status":"open","ping_status":"open","sticky":false,"template":"","format":"image","meta":{"footnotes":""},"categories":[19],"tags":[],"class_list":["post-1037","post","type-post","status-publish","format-image","has-post-thumbnail","hentry","category-ventanas","post_format-post-format-image"],"_links":{"self":[{"href":"https:\/\/www.afandecor.es\/fr\/wp-json\/wp\/v2\/posts\/1037","targetHints":{"allow":["GET"]}}],"collection":[{"href":"https:\/\/www.afandecor.es\/fr\/wp-json\/wp\/v2\/posts"}],"about":[{"href":"https:\/\/www.afandecor.es\/fr\/wp-json\/wp\/v2\/types\/post"}],"author":[{"embeddable":true,"href":"https:\/\/www.afandecor.es\/fr\/wp-json\/wp\/v2\/users\/9"}],"replies":[{"embeddable":true,"href":"https:\/\/www.afandecor.es\/fr\/wp-json\/wp\/v2\/comments?post=1037"}],"version-history":[{"count":5,"href":"https:\/\/www.afandecor.es\/fr\/wp-json\/wp\/v2\/posts\/1037\/revisions"}],"predecessor-version":[{"id":2276,"href":"https:\/\/www.afandecor.es\/fr\/wp-json\/wp\/v2\/posts\/1037\/revisions\/2276"}],"wp:featuredmedia":[{"embeddable":true,"href":"https:\/\/www.afandecor.es\/fr\/wp-json\/wp\/v2\/media\/1038"}],"wp:attachment":[{"href":"https:\/\/www.afandecor.es\/fr\/wp-json\/wp\/v2\/media?parent=1037"}],"wp:term":[{"taxonomy":"category","embeddable":true,"href":"https:\/\/www.afandecor.es\/fr\/wp-json\/wp\/v2\/categories?post=1037"},{"taxonomy":"post_tag","embeddable":true,"href":"https:\/\/www.afandecor.es\/fr\/wp-json\/wp\/v2\/tags?post=1037"}],"curies":[{"name":"wp","href":"https:\/\/api.w.org\/{rel}","templated":true}]}}