{"id":1021,"date":"2019-07-22T11:24:21","date_gmt":"2019-07-22T11:24:21","guid":{"rendered":"https:\/\/www.afandecor.es\/?p=1021"},"modified":"2023-06-08T10:33:21","modified_gmt":"2023-06-08T10:33:21","slug":"renueva-tu-piso-en-cuatro-claves","status":"publish","type":"post","link":"https:\/\/www.afandecor.es\/fr\/2019\/07\/22\/renueva-tu-piso-en-cuatro-claves\/","title":{"rendered":"<p style=\"text-align: center; font-size: 33px; line-height: 28px;\">Renouvelez votre appartement en quatre cl\u00e9s ! <\/p>"},"content":{"rendered":"<p>Au fil des ann\u00e9es, nous cherchons \u00e0 apporter de petits changements \u00e0 nos sols sans r\u00e9ellement apporter de modifications. <strong>R\u00e9forme int\u00e9grale<\/strong>. Renouveler les espaces et les mat\u00e9riaux, changer de style ou adapter les espaces de vie pour obtenir plus de lumi\u00e8re et d&#039;espace sont g\u00e9n\u00e9ralement quelques-uns des objectifs lors de la r\u00e9alisation d&#039;une r\u00e9novation. Chez Afandecor, nous sommes experts en <strong>Optimiser et tirer le meilleur parti de l&#039;espace<\/strong>, en tenant compte des particularit\u00e9s de construction de la propri\u00e9t\u00e9. Notre \u00e9quipe vous conseillera et vous fera une proposition adapt\u00e9e \u00e0 votre budget et \u00e0 vos go\u00fbts, bas\u00e9e sur quatre cl\u00e9s.<\/p>\n<p><em>&nbsp;<strong>La vie est color\u00e9e...<\/strong><\/em><\/p>\n<p>La couleur donne parfois l&#039;ambiance, cr\u00e9e des espaces diff\u00e9renci\u00e9s, <strong>agrandir les espaces<\/strong> et lui donne un <strong>touche originale et personnelle<\/strong> chez vous sans avoir \u00e0 tout changer. Par exemple, utiliser des tons clairs sur les murs peut vous donner une grande sensation d\u2019espace. Avec cela et un changement de mobilier, vous pourrez obtenir une pi\u00e8ce enti\u00e8rement r\u00e9nov\u00e9e.<\/p>\n<p><em><strong>un rayon de soleil<\/strong><\/em><\/p>\n<p>Chez Afandecor, nous pensons que <strong>la lumi\u00e8re est fondamentale pour une maison<\/strong>, puisqu&#039;il permet au <strong>les chambres semblent plus grandes et plus propres<\/strong> et, en plus, cela fait ressortir les \u00e9l\u00e9ments d\u00e9coratifs. Nous r\u00e9aliserons donc une \u00e9tude d\u00e9taill\u00e9e et cr\u00e9erons<strong> Syst\u00e8mes d&#039;\u00e9clairage<\/strong> adapt\u00e9 aux environnements que vous souhaitez avoir dans votre maison. Nous ne prenons pas seulement en compte la lumi\u00e8re, nous prenons \u00e9galement en compte la couleur des murs, des meubles et des tissus d&#039;ameublement.<\/p>\n<p><em><strong>Tout en ordre<\/strong><\/em><\/p>\n<p>Pour avoir une sensation d&#039;espace, d&#039;ordre et de propret\u00e9, il est indispensable d&#039;avoir <strong>bonnes \u00e9tag\u00e8res et zones de stockage<\/strong>Cela cr\u00e9era de l\u2019harmonie et une sensation d\u2019espace. Afandecor peut vous concevoir <strong>\u00e9tag\u00e8res de travail<\/strong> totalement personnalis\u00e9, avec des espaces ouverts et ferm\u00e9s, pour que rien ne soit d\u00e9plac\u00e9 et que le bien-\u00eatre et la tranquillit\u00e9 envahissent votre maison.<\/p>\n<p><strong>Question de d\u00e9tail<\/strong><\/p>\n<p>Il y a des \u00e9l\u00e9ments de la maison qui ne nous passionnent pas mais que nous ne pouvons pas non plus \u00e9liminer. Chez Afandecor, nous essayons de donner <strong>solutions et les int\u00e9grer dans nos projets<\/strong>, pour que votre perception change.<\/p>\n<p><strong>N&#039;h\u00e9sitez pas \u00e0 contacter notre \u00e9quipe ! Le 95% de nos clients fait l&#039;\u00e9loge de nous\u00a0!<\/strong><\/p>","protected":false},"excerpt":{"rendered":"<p>Con el paso de los a\u00f1os, buscamos introducir peque\u00f1os cambios en nuestros pisos sin llegar a realizar una reforma integral. Renovar los espacios y materiales, cambiar<span class=\"excerpt-hellip\"> [\u2026]<\/span><\/p>\n","protected":false},"author":9,"featured_media":1022,"comment_status":"open","ping_status":"open","sticky":false,"template":"","format":"image","meta":{"footnotes":""},"categories":[20,19],"tags":[],"class_list":["post-1021","post","type-post","status-publish","format-image","has-post-thumbnail","hentry","category-reformas","category-ventanas","post_format-post-format-image"],"_links":{"self":[{"href":"https:\/\/www.afandecor.es\/fr\/wp-json\/wp\/v2\/posts\/1021","targetHints":{"allow":["GET"]}}],"collection":[{"href":"https:\/\/www.afandecor.es\/fr\/wp-json\/wp\/v2\/posts"}],"about":[{"href":"https:\/\/www.afandecor.es\/fr\/wp-json\/wp\/v2\/types\/post"}],"author":[{"embeddable":true,"href":"https:\/\/www.afandecor.es\/fr\/wp-json\/wp\/v2\/users\/9"}],"replies":[{"embeddable":true,"href":"https:\/\/www.afandecor.es\/fr\/wp-json\/wp\/v2\/comments?post=1021"}],"version-history":[{"count":2,"href":"https:\/\/www.afandecor.es\/fr\/wp-json\/wp\/v2\/posts\/1021\/revisions"}],"predecessor-version":[{"id":2279,"href":"https:\/\/www.afandecor.es\/fr\/wp-json\/wp\/v2\/posts\/1021\/revisions\/2279"}],"wp:featuredmedia":[{"embeddable":true,"href":"https:\/\/www.afandecor.es\/fr\/wp-json\/wp\/v2\/media\/1022"}],"wp:attachment":[{"href":"https:\/\/www.afandecor.es\/fr\/wp-json\/wp\/v2\/media?parent=1021"}],"wp:term":[{"taxonomy":"category","embeddable":true,"href":"https:\/\/www.afandecor.es\/fr\/wp-json\/wp\/v2\/categories?post=1021"},{"taxonomy":"post_tag","embeddable":true,"href":"https:\/\/www.afandecor.es\/fr\/wp-json\/wp\/v2\/tags?post=1021"}],"curies":[{"name":"wp","href":"https:\/\/api.w.org\/{rel}","templated":true}]}}