{"id":1016,"date":"2019-07-16T14:54:13","date_gmt":"2019-07-16T14:54:13","guid":{"rendered":"https:\/\/www.afandecor.es\/?p=1016"},"modified":"2023-06-08T10:33:26","modified_gmt":"2023-06-08T10:33:26","slug":"gana-metros-en-tu-hogar-cerrando-la-terraza","status":"publish","type":"post","link":"https:\/\/www.afandecor.es\/fr\/2019\/07\/16\/gana-metros-en-tu-hogar-cerrando-la-terraza\/","title":{"rendered":"<p style=\"text-align: center; font-size: 33px; line-height: 28px;\">Gagnez des m\u00e8tres dans votre maison en fermant la terrasse ! <\/p>"},"content":{"rendered":"<p>Pour Afandecor, la terrasse peut \u00eatre une autre pi\u00e8ce de la maison et non un espace mort ou de stockage. Dites adieu \u00e0 l&#039;eau, au vent, \u00e0 la chaleur... avec les abris vous disposerez d&#039;un nouvel espace utile dans votre maison, prot\u00e9g\u00e9 des intemp\u00e9ries. Si vous poss\u00e9dez une terrasse que vous n&#039;utilisez pas, contactez-nous, nous r\u00e9aliserons une \u00e9tude de ses dimensions et de vos besoins afin de vous proposer un nouvel espace bien int\u00e9gr\u00e9.<\/p>\n<p><strong>Pourquoi couvrir sa terrasse ?<\/strong><\/p>\n<p>Nous pouvons vous donner de nombreuses raisons pour cela, mais celles qui co\u00efncident s\u00fbrement avec les v\u00f4tres sont :<\/p>\n<ol>\n<li><strong>Cela repr\u00e9sente des \u00e9conomies d\u2019\u00e9nergie : <\/strong>La fermeture de votre terrasse constitue une barri\u00e8re thermique suppl\u00e9mentaire, surtout si les menuiseries et les vitres sont de qualit\u00e9.<\/li>\n<li><strong>R\u00e9duit les nuisances sonores : <\/strong>Une enceinte avec un bon profil et du verre emp\u00eache la transmission des ondes acoustiques, ce qui permet de diminuer consid\u00e9rablement le niveau sonore dans votre maison.<\/li>\n<li><strong>Facilite les t\u00e2ches de nettoyage : <\/strong>Le vitrage emp\u00eache la poussi\u00e8re et la salet\u00e9 de p\u00e9n\u00e9trer sur votre terrasse. Si vous choisissez un verre qui s\u2019ouvre vers l\u2019int\u00e9rieur, le nettoyage sera plus s\u00fbr et plus facile.<\/li>\n<li><strong style=\"font-size: inherit;\">Augmentez les compteurs utiles de votre maison : <\/strong><span style=\"font-size: inherit;\">Vous pouvez agrandir un espace existant ou en cr\u00e9er un nouveau.<\/span><\/li>\n<\/ol>\n<p>\u00bf<strong>Comment couvrir sa terrasse ?<\/strong><\/p>\n<p>Actuellement, nous disposons de diff\u00e9rentes mani\u00e8res de couvrir votre terrasse, au-del\u00e0 du classique toboggan en aluminium. Nos techniciens vous guideront et vous conseilleront sur les caract\u00e9ristiques techniques du coffret le mieux adapt\u00e9 \u00e0 vos besoins sans aucun engagement.<\/p>\n<ul>\n<li><strong>Pliable\u00a0:<\/strong>Avec la fen\u00eatre ferm\u00e9e, vous aurez la sensation d&#039;\u00eatre devant une fen\u00eatre conventionnelle ; une fois ouverte, l&#039;espace de la fen\u00eatre est libre et les ouvrants occupent un petit espace.<\/li>\n<li><strong>Curseurs\u00a0: <\/strong>Les lames glissent le long d&#039;un guide jusqu&#039;au bout. L\u00e0, ils se tournent vers l\u2019int\u00e9rieur, de sorte qu\u2019ils soient perpendiculaires \u00e0 la fen\u00eatre. L&#039;avantage de ce syst\u00e8me est qu&#039;il n&#039;est pas n\u00e9cessaire d&#039;ouvrir tous les vantaux, mais seulement ceux que l&#039;on souhaite.<\/li>\n<li><strong>Sans profil vertical : <\/strong>Syst\u00e8me compos\u00e9 de deux profil\u00e9s en aluminium qui supportent plusieurs feuilles de verre qui glissent le long d&#039;eux et s&#039;ouvrent compl\u00e8tement ou partiellement.<\/li>\n<\/ul>\n<p><strong>Programme de mise \u00e0 la casse<\/strong><\/p>\n<p>Depuis son lancement le 1er avril 2019, nous sommes affili\u00e9s au Plan Renove de la Communaut\u00e9 de Madrid. Si vous poss\u00e9dez un ancien enclos que vous souhaitez r\u00e9nover, nous pouvons vous proposer et traiter la subvention, en vous conseillant sur les exigences et les conditions, tout en nous occupant de toutes les formalit\u00e9s administratives.<\/p>\n<p>Faites confiance \u00e0 Afandecor, \u00ab ils diront du bien de nous \u00bb.<\/p>","protected":false},"excerpt":{"rendered":"<p>Para Afandecor&nbsp;la terraza puede ser una estancia m\u00e1s de la casa y no un espacio muerto o de almacenaje. Di adi\u00f3s al agua, al viento, al<span class=\"excerpt-hellip\"> [\u2026]<\/span><\/p>\n","protected":false},"author":9,"featured_media":1017,"comment_status":"open","ping_status":"open","sticky":false,"template":"","format":"image","meta":{"footnotes":""},"categories":[20,19],"tags":[],"class_list":["post-1016","post","type-post","status-publish","format-image","has-post-thumbnail","hentry","category-reformas","category-ventanas","post_format-post-format-image"],"_links":{"self":[{"href":"https:\/\/www.afandecor.es\/fr\/wp-json\/wp\/v2\/posts\/1016","targetHints":{"allow":["GET"]}}],"collection":[{"href":"https:\/\/www.afandecor.es\/fr\/wp-json\/wp\/v2\/posts"}],"about":[{"href":"https:\/\/www.afandecor.es\/fr\/wp-json\/wp\/v2\/types\/post"}],"author":[{"embeddable":true,"href":"https:\/\/www.afandecor.es\/fr\/wp-json\/wp\/v2\/users\/9"}],"replies":[{"embeddable":true,"href":"https:\/\/www.afandecor.es\/fr\/wp-json\/wp\/v2\/comments?post=1016"}],"version-history":[{"count":2,"href":"https:\/\/www.afandecor.es\/fr\/wp-json\/wp\/v2\/posts\/1016\/revisions"}],"predecessor-version":[{"id":2280,"href":"https:\/\/www.afandecor.es\/fr\/wp-json\/wp\/v2\/posts\/1016\/revisions\/2280"}],"wp:featuredmedia":[{"embeddable":true,"href":"https:\/\/www.afandecor.es\/fr\/wp-json\/wp\/v2\/media\/1017"}],"wp:attachment":[{"href":"https:\/\/www.afandecor.es\/fr\/wp-json\/wp\/v2\/media?parent=1016"}],"wp:term":[{"taxonomy":"category","embeddable":true,"href":"https:\/\/www.afandecor.es\/fr\/wp-json\/wp\/v2\/categories?post=1016"},{"taxonomy":"post_tag","embeddable":true,"href":"https:\/\/www.afandecor.es\/fr\/wp-json\/wp\/v2\/tags?post=1016"}],"curies":[{"name":"wp","href":"https:\/\/api.w.org\/{rel}","templated":true}]}}