{"id":1012,"date":"2019-07-08T08:41:52","date_gmt":"2019-07-08T08:41:52","guid":{"rendered":"https:\/\/www.afandecor.es\/?p=1012"},"modified":"2023-06-08T10:33:30","modified_gmt":"2023-06-08T10:33:30","slug":"un-paso-a-las-escaleras-afandecor-creara-la-perfecta-para-su-hogar","status":"publish","type":"post","link":"https:\/\/www.afandecor.es\/fr\/2019\/07\/08\/un-paso-a-las-escaleras-afandecor-creara-la-perfecta-para-su-hogar\/","title":{"rendered":"<p style=\"text-align: center; font-size: 33px; line-height: 28px;\">Une marche vers les escaliers\u00a0: Afandecor cr\u00e9era celle qui convient parfaitement \u00e0 votre maison<\/p>"},"content":{"rendered":"<p><span style=\"color: #000000;\">Le <strong>escaliers<\/strong> Ils constituent un \u00e9l\u00e9ment fonctionnel qui fournit <strong>caract\u00e8re des chambres<\/strong> et ils ont un super <strong>direction<\/strong>. Chez Afandecor, nous concevons et ex\u00e9cutons les travaux en tenant compte de la conception et du calcul avant l&#039;ex\u00e9cution, moments au cours desquels les facteurs structurels tels que la pente, le nombre et la hauteur des marches sont d\u00e9termin\u00e9s.<\/span><\/p>\n<p><span style=\"color: #000000;\">Les escaliers des maisons sont un autre exemple de <strong>caract\u00e8re de ses habitants<\/strong>, et m\u00eame s&#039;ils semblent parfois nous limiter en raison de leur emplacement, ils constituent un \u00e9l\u00e9ment de plus de la maison qui offre de multiples options. Notre \u00e9quipe vous proposera des escaliers qui s&#039;adaptent \u00e0 vos besoins. <strong>besoins<\/strong>, avec des touches <strong>moderne ou classique<\/strong>, qui vous permettent <strong>profiter de l&#039;espace<\/strong> et surtout qu&#039;ils sont tr\u00e8s <strong>confortable<\/strong> pour vous.<\/span><\/p>\n<p><span style=\"color: #000000;\"><strong>&nbsp;<\/strong><strong>De l&#039;espace sous les escaliers ?<\/strong><\/span><\/p>\n<p><span style=\"color: #000000;\">Chez Afandecor, nous aimons vous aider \u00e0 cr\u00e9er des pi\u00e8ces confortables et pratiques, sans espaces vides ni espaces qui deviennent un point noir... C&#039;est pourquoi nous accordons une attention particuli\u00e8re aux cages d&#039;escalier, en vous proposant diff\u00e9rentes propositions :<\/span><\/p>\n<ul>\n<li><span style=\"color: #000000;\"><strong>\u00c9tag\u00e8res:<\/strong>Le trou peut \u00eatre utilis\u00e9 pour installer une petite \u00e9tag\u00e8re qui s&#039;adapte \u00e0 l&#039;espace, m\u00eame si nous pouvons \u00e9galement inverser les r\u00f4les : notre \u00e9chelle s&#039;adaptera \u00e0 votre grande \u00e9tag\u00e8re.<\/span><\/li>\n<li><span style=\"color: #000000;\"><strong>Armoires\u00a0:<\/strong>C&#039;est une autre bonne option, les espaces deviennent un excellent espace de stockage et de commande.<\/span><\/li>\n<li><span style=\"color: #000000;\"><strong style=\"font-size: inherit;\">Vestiaire:<\/strong><span style=\"font-size: inherit;\">Oui, si vous en avez toujours r\u00eav\u00e9 et que vous n&#039;avez pas la place, il y a la cage d&#039;escalier : nous r\u00e9serverons l&#039;espace le plus haut pour installer une commode, le plus bas pour les chaussures.<\/span><\/span><\/li>\n<\/ul>\n<p><span style=\"color: #000000;\">La cuisine, le bureau, l&#039;espace repos, le hall... vous pouvez cr\u00e9er ce que vous voulez sous l&#039;escalier. Si vous disposez de quelques m\u00e8tres dans votre maison, nous pouvons profiter de cet espace pour cr\u00e9er les pi\u00e8ces dont vous avez besoin. Nous r\u00e9aliserons une \u00e9tude d\u00e9taill\u00e9e afin que l&#039;escalier, la pi\u00e8ce en dessous et le reste de la maison soient en parfaite harmonie.<\/span><\/p>\n<p><span style=\"color: #000000;\"><strong>Tout tourne autour de l&#039;escalier<\/strong><\/span><\/p>\n<p><span style=\"color: #000000;\">C&#039;est une option tr\u00e8s moderne et actuelle, l&#039;escalier occupe une place centrale et le reste des pi\u00e8ces est \u00e9tabli \u00e0 partir de celui-ci. Est-ce votre option ? Afandecor cr\u00e9era pour vous une maison autour de votre escalier.<\/span><\/p>\n<p><span style=\"color: #000000;\">N&#039;h\u00e9sitez pas \u00e0 nous contacter! Notre \u00e9quipe vous proposera un devis sans engagement et vous aidera \u00e0 choisir la meilleure option pour votre maison.<\/span><\/p>","protected":false},"excerpt":{"rendered":"<p>Las escaleras son un elemento funcional que dotan de car\u00e1cter las estancias y poseen un gran protagonismo.&nbsp;En Afandecor, dise\u00f1amos y ejecutamos la obra teniendo en cuenta<span class=\"excerpt-hellip\"> [\u2026]<\/span><\/p>\n","protected":false},"author":9,"featured_media":1013,"comment_status":"open","ping_status":"open","sticky":false,"template":"","format":"image","meta":{"footnotes":""},"categories":[20],"tags":[],"class_list":["post-1012","post","type-post","status-publish","format-image","has-post-thumbnail","hentry","category-reformas","post_format-post-format-image"],"_links":{"self":[{"href":"https:\/\/www.afandecor.es\/fr\/wp-json\/wp\/v2\/posts\/1012","targetHints":{"allow":["GET"]}}],"collection":[{"href":"https:\/\/www.afandecor.es\/fr\/wp-json\/wp\/v2\/posts"}],"about":[{"href":"https:\/\/www.afandecor.es\/fr\/wp-json\/wp\/v2\/types\/post"}],"author":[{"embeddable":true,"href":"https:\/\/www.afandecor.es\/fr\/wp-json\/wp\/v2\/users\/9"}],"replies":[{"embeddable":true,"href":"https:\/\/www.afandecor.es\/fr\/wp-json\/wp\/v2\/comments?post=1012"}],"version-history":[{"count":2,"href":"https:\/\/www.afandecor.es\/fr\/wp-json\/wp\/v2\/posts\/1012\/revisions"}],"predecessor-version":[{"id":2281,"href":"https:\/\/www.afandecor.es\/fr\/wp-json\/wp\/v2\/posts\/1012\/revisions\/2281"}],"wp:featuredmedia":[{"embeddable":true,"href":"https:\/\/www.afandecor.es\/fr\/wp-json\/wp\/v2\/media\/1013"}],"wp:attachment":[{"href":"https:\/\/www.afandecor.es\/fr\/wp-json\/wp\/v2\/media?parent=1012"}],"wp:term":[{"taxonomy":"category","embeddable":true,"href":"https:\/\/www.afandecor.es\/fr\/wp-json\/wp\/v2\/categories?post=1012"},{"taxonomy":"post_tag","embeddable":true,"href":"https:\/\/www.afandecor.es\/fr\/wp-json\/wp\/v2\/tags?post=1012"}],"curies":[{"name":"wp","href":"https:\/\/api.w.org\/{rel}","templated":true}]}}