{"id":1007,"date":"2019-07-01T08:18:20","date_gmt":"2019-07-01T08:18:20","guid":{"rendered":"https:\/\/www.afandecor.es\/?p=1007"},"modified":"2023-06-08T10:33:35","modified_gmt":"2023-06-08T10:33:35","slug":"afandecor-tiene-la-receta-perfecta-para-reformar-tu-cocina","status":"publish","type":"post","link":"https:\/\/www.afandecor.es\/fr\/2019\/07\/01\/afandecor-tiene-la-receta-perfecta-para-reformar-tu-cocina\/","title":{"rendered":"<p style=\"text-align: center; font-size: 33px; line-height: 28px;\">Afandecor a la recette parfaite pour r\u00e9nover votre cuisine !<\/p>"},"content":{"rendered":"<p><span style=\"color: #000000;\">La <strong>cuisine <\/strong>C&#039;est une partie tr\u00e8s importante de la maison qui n&#039;est pas seulement utilis\u00e9e pour <strong>cuisiner <\/strong>soit<strong> manger<\/strong>\u2026est aussi un <strong>endroit pour rencontrer d&#039;autres membres de la famille<\/strong>. Pour cette raison, Afandecor r\u00e9alise <strong>des projets uniques<\/strong>, adapt\u00e9s aux coutumes et aux go\u00fbts de chacun, en tirant le meilleur parti des espaces disponibles pour offrir diff\u00e9rentes options de r\u00e9novation au client.<strong>: cuisines avec \u00eelots<\/strong>, <strong>int\u00e9gr\u00e9 <\/strong>avec le salon, avec <strong>meubles <\/strong>des deux c\u00f4t\u00e9s, avec <strong>p\u00e9ninsules<\/strong>, int\u00e9grant la galerie, cr\u00e9ant un coin petit-d\u00e9jeuner\u2026<\/span><\/p>\n<p><span style=\"color: #000000;\"><strong>UNE RECETTE QUI N&#039;\u00c9CHOUE JAMAIS<\/strong><\/span><\/p>\n<p><span style=\"color: #000000;\">Nous pensons qu&#039;il existe une recette infaillible pour pr\u00e9parer une cuisine : combiner les <strong>bon go\u00fbt<\/strong>, la<strong> simplicit\u00e9<\/strong>, la <strong>confort <\/strong>et la <strong>aspect pratique <\/strong>dans les quantit\u00e9s appropri\u00e9es.&nbsp;<\/span><\/p>\n<p><span style=\"color: #000000;\">Pour avoir une cuisine parfaite et totalement adapt\u00e9e \u00e0 vos besoins, vous devez disposer d&#039;une s\u00e9rie d&#039;ingr\u00e9dients :<\/span><\/p>\n<ul>\n<li><span style=\"color: #000000;\"><u>Beaucoup de cr\u00e9ativit\u00e9<\/u>- Notre objectif est de cr\u00e9er un excellent design.<\/span><\/li>\n<li><span style=\"color: #000000;\"><u>Utilitaire<\/u>: Tout dans une cuisine doit \u00eatre pratique, confortable et utile. Nous travaillerons avec vous pour tirer le meilleur parti de tout l\u2019espace.<\/span><\/li>\n<li><span style=\"color: #000000;\"><u>un million d&#039;id\u00e9es<\/u>: vous le savez d\u00e9j\u00e0, sans communication il n&#039;y a pas d&#039;id\u00e9es ; C\u2019est pourquoi nous parlerons encore et encore jusqu\u2019\u00e0 ce que nous parvenions \u00e0 la r\u00e9forme parfaite.<\/span><\/li>\n<li><span style=\"color: #000000;\"><u>Une pinc\u00e9e de simplicit\u00e9<\/u>: chaque \u00e9l\u00e9ment de votre cuisine doit s&#039;int\u00e9grer parfaitement dans l&#039;ensemble. Nous travaillerons pour que tout soit parfait, mais pour que cet effort passe inaper\u00e7u, vous savez, \u00ab moins c&#039;est plus \u00bb.<\/span><\/li>\n<\/ul>\n<p><span style=\"color: #000000;\">Contactez-nous, l&#039;\u00e9quipe Afandecor <strong>conseillera <\/strong>et <strong>concevra la cuisine parfaite<\/strong>. Pour ce faire, n&#039;h\u00e9sitez pas \u00e0 nous dire ce dont vous avez besoin et ce qui vous pla\u00eet. Nous r\u00e9aliserons un projet adapt\u00e9 \u00e0 vos besoins, nous vous aiderons \u00e0 choisir les carrelages, plinthes, sols... N&#039;oubliez pas que nous sommes <strong>Distributeurs des meilleures marques<\/strong> du secteur ! De plus, chez Afandecor nous avons une \u00e9quipe compl\u00e8te de professionnels qui r\u00e9noveront votre cuisine dans le <strong>temps le plus court possible<\/strong>, suite \u00e0 un planning de travail pour <strong>optimiser les temps<\/strong> d&#039;ex\u00e9cution au maximum possible.<\/span><\/p>\n<p><span style=\"color: #000000;\"><strong>N&#039;h\u00e9sitez plus et faites-nous confiance pour avoir la cuisine dont vous avez toujours r\u00eav\u00e9 !<\/strong><\/span><\/p>","protected":false},"excerpt":{"rendered":"<p>La cocina es una parte muy importante de la casa que no solo se utiliza para cocinar o comer\u2026 tambi\u00e9n es un lugar para reunirse con<span class=\"excerpt-hellip\"> [\u2026]<\/span><\/p>\n","protected":false},"author":9,"featured_media":1008,"comment_status":"open","ping_status":"open","sticky":false,"template":"","format":"image","meta":{"footnotes":""},"categories":[20],"tags":[],"class_list":["post-1007","post","type-post","status-publish","format-image","has-post-thumbnail","hentry","category-reformas","post_format-post-format-image"],"_links":{"self":[{"href":"https:\/\/www.afandecor.es\/fr\/wp-json\/wp\/v2\/posts\/1007","targetHints":{"allow":["GET"]}}],"collection":[{"href":"https:\/\/www.afandecor.es\/fr\/wp-json\/wp\/v2\/posts"}],"about":[{"href":"https:\/\/www.afandecor.es\/fr\/wp-json\/wp\/v2\/types\/post"}],"author":[{"embeddable":true,"href":"https:\/\/www.afandecor.es\/fr\/wp-json\/wp\/v2\/users\/9"}],"replies":[{"embeddable":true,"href":"https:\/\/www.afandecor.es\/fr\/wp-json\/wp\/v2\/comments?post=1007"}],"version-history":[{"count":2,"href":"https:\/\/www.afandecor.es\/fr\/wp-json\/wp\/v2\/posts\/1007\/revisions"}],"predecessor-version":[{"id":2282,"href":"https:\/\/www.afandecor.es\/fr\/wp-json\/wp\/v2\/posts\/1007\/revisions\/2282"}],"wp:featuredmedia":[{"embeddable":true,"href":"https:\/\/www.afandecor.es\/fr\/wp-json\/wp\/v2\/media\/1008"}],"wp:attachment":[{"href":"https:\/\/www.afandecor.es\/fr\/wp-json\/wp\/v2\/media?parent=1007"}],"wp:term":[{"taxonomy":"category","embeddable":true,"href":"https:\/\/www.afandecor.es\/fr\/wp-json\/wp\/v2\/categories?post=1007"},{"taxonomy":"post_tag","embeddable":true,"href":"https:\/\/www.afandecor.es\/fr\/wp-json\/wp\/v2\/tags?post=1007"}],"curies":[{"name":"wp","href":"https:\/\/api.w.org\/{rel}","templated":true}]}}