{"id":1354,"date":"2021-05-25T11:32:48","date_gmt":"2021-05-25T11:32:48","guid":{"rendered":"https:\/\/www.afandecor.es\/?p=1354"},"modified":"2023-06-08T10:28:35","modified_gmt":"2023-06-08T10:28:35","slug":"maria-jose-estoy-encantada-con-la-instalacion-realizada-por-afandecor","status":"publish","type":"post","link":"https:\/\/www.afandecor.es\/en\/2021\/05\/25\/maria-jose-estoy-encantada-con-la-instalacion-realizada-por-afandecor\/","title":{"rendered":"<p style=\"text-align: center; font-size: 33px; line-height: 28px;\">Mar\u00eda Jos\u00e9: \u00abI am delighted with the installation carried out by Afandecor\u00bb<\/p>"},"content":{"rendered":"<p>Mar\u00eda Jos\u00e9, an Afandecor client who replaced windows and a bay window at her home during the month of March, confesses her satisfaction with the installation and the final result. So far, the first months with the new windows in the home have met all expectations of design, comfort and insulation.<\/p>\n\n\n\n<p>Since she contacted the Afandecor sales team, Mar\u00eda Jos\u00e9 was very clear about the changes she wanted for her home. In this way, it intended to put an end to all the inconveniences related to the old, heavy and inefficient windows that the apartment had from the moment of its construction. Afandecor technicians were able to fulfill all their wishes and satisfy their improvement demands with a series of installations designed to suit them that have completely changed the fa\u00e7ade of the home.<\/p>\n\n\n<div class=\"wp-block-image\">\n<figure class=\"aligncenter size-large is-resized\"><img loading=\"lazy\" decoding=\"async\" src=\"https:\/\/www.afandecor.es\/wp-content\/uploads\/2021\/05\/IMG20210524132443-1024x768.jpg\" alt=\"\" class=\"wp-image-1358\" width=\"699\" height=\"524\" srcset=\"https:\/\/www.afandecor.es\/wp-content\/uploads\/2021\/05\/IMG20210524132443-1024x768.jpg 1024w, https:\/\/www.afandecor.es\/wp-content\/uploads\/2021\/05\/IMG20210524132443-300x225.jpg 300w, https:\/\/www.afandecor.es\/wp-content\/uploads\/2021\/05\/IMG20210524132443-768x576.jpg 768w, https:\/\/www.afandecor.es\/wp-content\/uploads\/2021\/05\/IMG20210524132443-1536x1152.jpg 1536w, https:\/\/www.afandecor.es\/wp-content\/uploads\/2021\/05\/IMG20210524132443-2048x1536.jpg 2048w, https:\/\/www.afandecor.es\/wp-content\/uploads\/2021\/05\/IMG20210524132443-195x146.jpg 195w, https:\/\/www.afandecor.es\/wp-content\/uploads\/2021\/05\/IMG20210524132443-50x38.jpg 50w, https:\/\/www.afandecor.es\/wp-content\/uploads\/2021\/05\/IMG20210524132443-100x75.jpg 100w\" sizes=\"auto, (max-width: 699px) 100vw, 699px\" \/><\/figure>\n<\/div>\n\n\n<p>Firstly, in the main area of the living room there was a double sliding window installed that according to Mar\u00eda Jos\u00e9 <em>&quot;It was complicated to open and, even more so, to clean.&quot; <\/em>It could not be disassembled and allowed a limited opening. To solve these disadvantages, Mar\u00eda Jos\u00e9 entrusted Afandecor with the installation of two folding\/tilt-turn windows in PVC from the K\u00f6mmerling brand and glass made using the 70mm EUROFUTUR system. Among them stands out their <em>&quot;practicality and great acoustic insulation, since they are more watertight and prevent outside noise&quot;<\/em>. Despite being much more compact than the old ones, the client is satisfied because they achieve as much insulation as the double windows.<\/p>\n\n\n\n<p>The most spectacular part of the house is the living room&#039;s viewing point, an area through which a lot of natural light enters thanks to its southwest orientation. Before the renovation, the central part of the observation deck was a fixed glass and the sides were only foldable. Now, 3 folding\/tilt-turn windows have been installed that allow the house to be ventilated according to needs and are much more comfortable.<\/p>\n\n\n\n<p><\/p>\n\n\n<div class=\"wp-block-image\">\n<figure class=\"aligncenter size-large is-resized\"><img loading=\"lazy\" decoding=\"async\" src=\"https:\/\/www.afandecor.es\/wp-content\/uploads\/2021\/05\/IMG20210524132252-1024x768.jpg\" alt=\"\" class=\"wp-image-1360\" width=\"710\" height=\"532\" srcset=\"https:\/\/www.afandecor.es\/wp-content\/uploads\/2021\/05\/IMG20210524132252-1024x768.jpg 1024w, https:\/\/www.afandecor.es\/wp-content\/uploads\/2021\/05\/IMG20210524132252-300x225.jpg 300w, https:\/\/www.afandecor.es\/wp-content\/uploads\/2021\/05\/IMG20210524132252-768x576.jpg 768w, https:\/\/www.afandecor.es\/wp-content\/uploads\/2021\/05\/IMG20210524132252-1536x1152.jpg 1536w, https:\/\/www.afandecor.es\/wp-content\/uploads\/2021\/05\/IMG20210524132252-2048x1536.jpg 2048w, https:\/\/www.afandecor.es\/wp-content\/uploads\/2021\/05\/IMG20210524132252-195x146.jpg 195w, https:\/\/www.afandecor.es\/wp-content\/uploads\/2021\/05\/IMG20210524132252-50x38.jpg 50w, https:\/\/www.afandecor.es\/wp-content\/uploads\/2021\/05\/IMG20210524132252-100x75.jpg 100w\" sizes=\"auto, (max-width: 710px) 100vw, 710px\" \/><\/figure>\n<\/div>\n\n\n<p>Finally, Afandecor also carried out the replacement of the bedroom windows in Mar\u00eda Jos\u00e9&#039;s home. In the master bedroom, there were two old aluminum windows that covered a very large space, since it was a large window. After the arrival of the Afandecor team, it was transformed into three tilt-and-turn windows with a much finer and more attractive final result. In addition, two translucent glasses were installed at the bottom to increase the privacy of the bedroom. As a finishing touch, Mar\u00eda Jos\u00e9 opted for a motorized blind in this bedroom that, in her words, <em>&quot;it is a wonder&quot;<\/em>. Being such a large blind, it caused a lot of problems and as time went by the signs of deterioration became evident. Thanks to the Somfy motor, the new blind takes up less space, makes less noise and requires zero effort to raise or lower it.<\/p>\n\n\n\n<p><\/p>\n\n\n<div class=\"wp-block-image\">\n<figure class=\"aligncenter size-large is-resized\"><img loading=\"lazy\" decoding=\"async\" src=\"https:\/\/www.afandecor.es\/wp-content\/uploads\/2021\/05\/IMG20210524132859-1024x768.jpg\" alt=\"\" class=\"wp-image-1361\" width=\"685\" height=\"513\" srcset=\"https:\/\/www.afandecor.es\/wp-content\/uploads\/2021\/05\/IMG20210524132859-1024x768.jpg 1024w, https:\/\/www.afandecor.es\/wp-content\/uploads\/2021\/05\/IMG20210524132859-300x225.jpg 300w, https:\/\/www.afandecor.es\/wp-content\/uploads\/2021\/05\/IMG20210524132859-768x576.jpg 768w, https:\/\/www.afandecor.es\/wp-content\/uploads\/2021\/05\/IMG20210524132859-1536x1152.jpg 1536w, https:\/\/www.afandecor.es\/wp-content\/uploads\/2021\/05\/IMG20210524132859-2048x1536.jpg 2048w, https:\/\/www.afandecor.es\/wp-content\/uploads\/2021\/05\/IMG20210524132859-195x146.jpg 195w, https:\/\/www.afandecor.es\/wp-content\/uploads\/2021\/05\/IMG20210524132859-50x38.jpg 50w, https:\/\/www.afandecor.es\/wp-content\/uploads\/2021\/05\/IMG20210524132859-100x75.jpg 100w\" sizes=\"auto, (max-width: 685px) 100vw, 685px\" \/><\/figure>\n<\/div>\n\n\n<p>In summary, Mar\u00eda Jos\u00e9 was delighted with the treatment received by Afandecor in all stages of the manufacturing and installation process of her window. Furthermore, he highlighted the extra value that <em>\u00abnot worry about the paperwork of the Renove Plan, since Afandecor takes care of all the procedures so that we save money\u00bb<\/em>.&nbsp;<\/p>","protected":false},"excerpt":{"rendered":"<p>Mar\u00eda Jos\u00e9, clienta de Afandecor que realiz\u00f3 una sustituci\u00f3n de ventanas y un mirador en su domicilio durante el mes de marzo, nos confiesa su satisfacci\u00f3n<span class=\"excerpt-hellip\"> [\u2026]<\/span><\/p>\n","protected":false},"author":9,"featured_media":1359,"comment_status":"open","ping_status":"open","sticky":false,"template":"","format":"image","meta":{"footnotes":""},"categories":[20,19],"tags":[],"class_list":["post-1354","post","type-post","status-publish","format-image","has-post-thumbnail","hentry","category-reformas","category-ventanas","post_format-post-format-image"],"_links":{"self":[{"href":"https:\/\/www.afandecor.es\/en\/wp-json\/wp\/v2\/posts\/1354","targetHints":{"allow":["GET"]}}],"collection":[{"href":"https:\/\/www.afandecor.es\/en\/wp-json\/wp\/v2\/posts"}],"about":[{"href":"https:\/\/www.afandecor.es\/en\/wp-json\/wp\/v2\/types\/post"}],"author":[{"embeddable":true,"href":"https:\/\/www.afandecor.es\/en\/wp-json\/wp\/v2\/users\/9"}],"replies":[{"embeddable":true,"href":"https:\/\/www.afandecor.es\/en\/wp-json\/wp\/v2\/comments?post=1354"}],"version-history":[{"count":5,"href":"https:\/\/www.afandecor.es\/en\/wp-json\/wp\/v2\/posts\/1354\/revisions"}],"predecessor-version":[{"id":2258,"href":"https:\/\/www.afandecor.es\/en\/wp-json\/wp\/v2\/posts\/1354\/revisions\/2258"}],"wp:featuredmedia":[{"embeddable":true,"href":"https:\/\/www.afandecor.es\/en\/wp-json\/wp\/v2\/media\/1359"}],"wp:attachment":[{"href":"https:\/\/www.afandecor.es\/en\/wp-json\/wp\/v2\/media?parent=1354"}],"wp:term":[{"taxonomy":"category","embeddable":true,"href":"https:\/\/www.afandecor.es\/en\/wp-json\/wp\/v2\/categories?post=1354"},{"taxonomy":"post_tag","embeddable":true,"href":"https:\/\/www.afandecor.es\/en\/wp-json\/wp\/v2\/tags?post=1354"}],"curies":[{"name":"wp","href":"https:\/\/api.w.org\/{rel}","templated":true}]}}