{"id":1320,"date":"2021-05-13T10:25:23","date_gmt":"2021-05-13T10:25:23","guid":{"rendered":"https:\/\/www.afandecor.es\/?p=1320"},"modified":"2023-06-08T10:29:02","modified_gmt":"2023-06-08T10:29:02","slug":"afandecor-completa-con-exito-la-reforma-integral-de-farmacia-moma","status":"publish","type":"post","link":"https:\/\/www.afandecor.es\/en\/2021\/05\/13\/afandecor-completa-con-exito-la-reforma-integral-de-farmacia-moma\/","title":{"rendered":"<p style=\"text-align: center; font-size: 33px; line-height: 28px;\">Afandecor successfully completes the comprehensive renovation of Farmacia MOMA<\/p>"},"content":{"rendered":"<p>In recent months, the Afandecor Group renovation team carried out the comprehensive transformation of the MOMA Pharmacy, located at number 55 Avenida de la Uni\u00f3n P\u00fablica, in Arroyomolinos. We have spoken with its owner, Ana, to find out her feelings about Afandecor&#039;s work and the impact that the renovation has had on her business. Although all the work had to be carried out during the outbreak of the covid-19 pandemic, Ana was delighted by <em>\u201chow little he had to worry about the work\u201d<\/em>. Thus, the technical team at Afandecor had the client&#039;s trust to develop the entire project and the brilliant final result is obvious.<\/p>\n\n\n<div class=\"wp-block-image\">\n<figure class=\"aligncenter size-large is-resized\"><img loading=\"lazy\" decoding=\"async\" src=\"https:\/\/www.afandecor.es\/wp-content\/uploads\/2021\/05\/IMG20210512111733-1024x768.jpg\" alt=\"\" class=\"wp-image-1321\" width=\"761\" height=\"570\" srcset=\"https:\/\/www.afandecor.es\/wp-content\/uploads\/2021\/05\/IMG20210512111733-1024x768.jpg 1024w, https:\/\/www.afandecor.es\/wp-content\/uploads\/2021\/05\/IMG20210512111733-300x225.jpg 300w, https:\/\/www.afandecor.es\/wp-content\/uploads\/2021\/05\/IMG20210512111733-768x576.jpg 768w, https:\/\/www.afandecor.es\/wp-content\/uploads\/2021\/05\/IMG20210512111733-1536x1152.jpg 1536w, https:\/\/www.afandecor.es\/wp-content\/uploads\/2021\/05\/IMG20210512111733-2048x1536.jpg 2048w, https:\/\/www.afandecor.es\/wp-content\/uploads\/2021\/05\/IMG20210512111733-195x146.jpg 195w, https:\/\/www.afandecor.es\/wp-content\/uploads\/2021\/05\/IMG20210512111733-50x38.jpg 50w, https:\/\/www.afandecor.es\/wp-content\/uploads\/2021\/05\/IMG20210512111733-100x75.jpg 100w\" sizes=\"auto, (max-width: 761px) 100vw, 761px\" \/><\/figure>\n<\/div>\n\n\n<p>The commercial premises already housed a pharmacy, but the new owner wanted to make a radical change to launch her business. Putting herself in the hands of Afandecor, architect Raquel designed a project to achieve greater use of space and give a more natural feel to the pharmacy. As can be seen in the images of the work, the renovation involved throwing out everything that existed (despite the fact that it was only a 5-year-old premises) and starting from scratch with the construction. <\/p>\n\n\n<div class=\"wp-block-image\">\n<figure class=\"aligncenter size-large is-resized\"><img loading=\"lazy\" decoding=\"async\" src=\"https:\/\/www.afandecor.es\/wp-content\/uploads\/2021\/05\/IMG-20210513-WA0006.jpg\" alt=\"\" class=\"wp-image-1323\" width=\"470\" height=\"627\" srcset=\"https:\/\/www.afandecor.es\/wp-content\/uploads\/2021\/05\/IMG-20210513-WA0006.jpg 768w, https:\/\/www.afandecor.es\/wp-content\/uploads\/2021\/05\/IMG-20210513-WA0006-225x300.jpg 225w, https:\/\/www.afandecor.es\/wp-content\/uploads\/2021\/05\/IMG-20210513-WA0006-110x146.jpg 110w, https:\/\/www.afandecor.es\/wp-content\/uploads\/2021\/05\/IMG-20210513-WA0006-38x50.jpg 38w, https:\/\/www.afandecor.es\/wp-content\/uploads\/2021\/05\/IMG-20210513-WA0006-56x75.jpg 56w\" sizes=\"auto, (max-width: 470px) 100vw, 470px\" \/><\/figure>\n<\/div>\n\n\n<p>This decision allowed the renovation to be completely adjusted to the client&#039;s expectations and Ana is convinced that she made the right choice: <em>\u201cThe renovation has not given me any problems, I put all my trust in Raquel and the company, and the design that I wanted was fulfilled.\u201d<\/em><\/p>\n\n\n<div class=\"wp-block-image\">\n<figure class=\"aligncenter size-large is-resized\"><img loading=\"lazy\" decoding=\"async\" src=\"https:\/\/www.afandecor.es\/wp-content\/uploads\/2021\/05\/2-1024x576.png\" alt=\"\" class=\"wp-image-1322\" width=\"842\" height=\"473\" srcset=\"https:\/\/www.afandecor.es\/wp-content\/uploads\/2021\/05\/2-1024x576.png 1024w, https:\/\/www.afandecor.es\/wp-content\/uploads\/2021\/05\/2-300x169.png 300w, https:\/\/www.afandecor.es\/wp-content\/uploads\/2021\/05\/2-768x432.png 768w, https:\/\/www.afandecor.es\/wp-content\/uploads\/2021\/05\/2-1536x864.png 1536w, https:\/\/www.afandecor.es\/wp-content\/uploads\/2021\/05\/2-260x146.png 260w, https:\/\/www.afandecor.es\/wp-content\/uploads\/2021\/05\/2-50x28.png 50w, https:\/\/www.afandecor.es\/wp-content\/uploads\/2021\/05\/2-133x75.png 133w, https:\/\/www.afandecor.es\/wp-content\/uploads\/2021\/05\/2-1200x675.png 1200w, https:\/\/www.afandecor.es\/wp-content\/uploads\/2021\/05\/2.png 1600w\" sizes=\"auto, (max-width: 842px) 100vw, 842px\" \/><\/figure>\n<\/div>\n\n\n<p>Ana already knew Grupo Afandecor before contacting us to carry out the renovation of her pharmacy. Even more, <em>\u201cThe treatment has proven to be very good and they are still available for any questions or queries.\u201d<\/em><\/p>\n\n\n\n<figure class=\"wp-block-embed is-type-video is-provider-youtube wp-block-embed-youtube wp-embed-aspect-16-9 wp-has-aspect-ratio\"><div class=\"wp-block-embed__wrapper\">\n<iframe loading=\"lazy\" title=\"Afandecor successfully completes the comprehensive renovation of Farmacia MOMA\" width=\"1200\" height=\"675\" src=\"https:\/\/www.youtube.com\/embed\/YorPNRZpcCQ?feature=oembed\" frameborder=\"0\" allow=\"accelerometer; autoplay; clipboard-write; encrypted-media; gyroscope; picture-in-picture\" allowfullscreen><\/iframe>\n<\/div><\/figure>\n\n\n\n<p>Two different projects were designed for the pharmacy. One for work by Grupo Afandecor and another for furniture. The client <em>highlights \u201cthe perfect coordination between the furniture company and Afandecor\u201d<\/em>. The collaboration between the two allowed the creation of a good tandem that met the client&#039;s expectations and ended in an integrated and uniform result. Regarding the pharmacy as it is now, Ana highlights that <em>\u201cThe work in general is very good\u201d<\/em> and that, furthermore, <em>When \u201cyou fill it with furniture and give it life, you are very happy with the final result\u201d<\/em>.<\/p>\n\n\n<div class=\"wp-block-image\">\n<figure class=\"aligncenter size-large is-resized\"><img loading=\"lazy\" decoding=\"async\" src=\"https:\/\/www.afandecor.es\/wp-content\/uploads\/2021\/05\/IMG20210512112130-1024x768.jpg\" alt=\"\" class=\"wp-image-1324\" width=\"766\" height=\"574\" srcset=\"https:\/\/www.afandecor.es\/wp-content\/uploads\/2021\/05\/IMG20210512112130-1024x768.jpg 1024w, https:\/\/www.afandecor.es\/wp-content\/uploads\/2021\/05\/IMG20210512112130-300x225.jpg 300w, https:\/\/www.afandecor.es\/wp-content\/uploads\/2021\/05\/IMG20210512112130-768x576.jpg 768w, https:\/\/www.afandecor.es\/wp-content\/uploads\/2021\/05\/IMG20210512112130-1536x1152.jpg 1536w, https:\/\/www.afandecor.es\/wp-content\/uploads\/2021\/05\/IMG20210512112130-2048x1536.jpg 2048w, https:\/\/www.afandecor.es\/wp-content\/uploads\/2021\/05\/IMG20210512112130-195x146.jpg 195w, https:\/\/www.afandecor.es\/wp-content\/uploads\/2021\/05\/IMG20210512112130-50x38.jpg 50w, https:\/\/www.afandecor.es\/wp-content\/uploads\/2021\/05\/IMG20210512112130-100x75.jpg 100w\" sizes=\"auto, (max-width: 766px) 100vw, 766px\" \/><\/figure>\n<\/div>\n\n\n<p>The pleasant atmosphere created in the pharmacy is praised by customers who positively value the change and highlight <em>\u201cthe spaciousness, the location of the light and the attractive design.\u201d <\/em>In short, a clear success for the Afandecor renovation team that has met the client&#039;s expectations and has achieved the creation of a bright, spacious and natural space so that the MOMA Pharmacy can continue caring for the residents of Arroyomolinos for many more years.<\/p>","protected":false},"excerpt":{"rendered":"<p>El equipo de reformas de Grupo Afandecor realiz\u00f3 durante los \u00faltimos meses la transformaci\u00f3n integral de la Farmacia MOMA, situada en el n\u00famero 55 de la<span class=\"excerpt-hellip\"> [\u2026]<\/span><\/p>\n","protected":false},"author":9,"featured_media":1326,"comment_status":"open","ping_status":"open","sticky":false,"template":"","format":"image","meta":{"footnotes":""},"categories":[20,19],"tags":[],"class_list":["post-1320","post","type-post","status-publish","format-image","has-post-thumbnail","hentry","category-reformas","category-ventanas","post_format-post-format-image"],"_links":{"self":[{"href":"https:\/\/www.afandecor.es\/en\/wp-json\/wp\/v2\/posts\/1320","targetHints":{"allow":["GET"]}}],"collection":[{"href":"https:\/\/www.afandecor.es\/en\/wp-json\/wp\/v2\/posts"}],"about":[{"href":"https:\/\/www.afandecor.es\/en\/wp-json\/wp\/v2\/types\/post"}],"author":[{"embeddable":true,"href":"https:\/\/www.afandecor.es\/en\/wp-json\/wp\/v2\/users\/9"}],"replies":[{"embeddable":true,"href":"https:\/\/www.afandecor.es\/en\/wp-json\/wp\/v2\/comments?post=1320"}],"version-history":[{"count":5,"href":"https:\/\/www.afandecor.es\/en\/wp-json\/wp\/v2\/posts\/1320\/revisions"}],"predecessor-version":[{"id":2261,"href":"https:\/\/www.afandecor.es\/en\/wp-json\/wp\/v2\/posts\/1320\/revisions\/2261"}],"wp:featuredmedia":[{"embeddable":true,"href":"https:\/\/www.afandecor.es\/en\/wp-json\/wp\/v2\/media\/1326"}],"wp:attachment":[{"href":"https:\/\/www.afandecor.es\/en\/wp-json\/wp\/v2\/media?parent=1320"}],"wp:term":[{"taxonomy":"category","embeddable":true,"href":"https:\/\/www.afandecor.es\/en\/wp-json\/wp\/v2\/categories?post=1320"},{"taxonomy":"post_tag","embeddable":true,"href":"https:\/\/www.afandecor.es\/en\/wp-json\/wp\/v2\/tags?post=1320"}],"curies":[{"name":"wp","href":"https:\/\/api.w.org\/{rel}","templated":true}]}}