{"id":1300,"date":"2021-05-11T09:01:44","date_gmt":"2021-05-11T09:01:44","guid":{"rendered":"https:\/\/www.afandecor.es\/?p=1300"},"modified":"2023-06-08T10:29:19","modified_gmt":"2023-06-08T10:29:19","slug":"las-ventajas-de-instalar-mosquiteras","status":"publish","type":"post","link":"https:\/\/www.afandecor.es\/en\/2021\/05\/11\/las-ventajas-de-instalar-mosquiteras\/","title":{"rendered":"<p style=\"text-align: center; font-size: 33px; line-height: 28px;\">The advantages of installing mosquito nets in your home<\/p>"},"content":{"rendered":"<p>Summer is getting closer and the heat is starting to make itself felt! The days are longer, we spend more time outside and\u2026 the mosquitoes arrive too! For this reason, at Grupo Afandecor we have a wide range of mosquito nets to install on any window. Its installation is very simple, durable and does not require maintenance.<\/p>\n\n\n\n<p style=\"font-size:18px\"><strong>What are the advantages of installing mosquito nets?<\/strong><\/p>\n\n\n\n<ul class=\"wp-block-list\">\n<li>It allows us to abandon the use of chemicals or sprays to get rid of mosquitoes and other insects. This means more sustainable consumption that is committed to the planet.<\/li>\n<\/ul>\n\n\n\n<ul class=\"wp-block-list\">\n<li>It is a magnificent option to be able to open the windows with total freedom at any time of the day. We will forget about controlling the entry of mosquitoes at night and we will be able to keep the home at an adequate temperature and with proper ventilation. It is recommended to ventilate the house for about 10 minutes every morning to renew the air so that we can rest better at night.<\/li>\n<\/ul>\n\n\n<div class=\"wp-block-image\">\n<figure class=\"aligncenter is-resized\"><img loading=\"lazy\" decoding=\"async\" src=\"https:\/\/www.ventanasnuez.es\/wp-content\/uploads\/2020\/09\/irene.jpg\" alt=\"First slide\" width=\"370\" height=\"370\"\/><\/figure>\n<\/div>\n\n\n<ul class=\"wp-block-list\">\n<li>It is also useful to protect us from pollen outside the home. If we live near a green area or with an allergic person, it may be recommended for the spring and summer months. In the same way, we will reduce the entry of dirt into our home.<\/li>\n<\/ul>\n\n\n\n<ul class=\"wp-block-list\">\n<li>Furthermore, economically we must see the installation of a mosquito net as an investment for the future. Only with savings on insecticides, sprays and anti-mosquito plugs; Installing mosquito nets is cost effective.<\/li>\n<\/ul>\n\n\n\n<p style=\"font-size:18px\"><strong>What are the mosquito nets we have at Grupo Afandecor like?<\/strong><\/p>\n\n\n<div class=\"wp-block-image\">\n<figure class=\"aligncenter size-large is-resized\"><img loading=\"lazy\" decoding=\"async\" src=\"https:\/\/www.afandecor.es\/wp-content\/uploads\/2021\/05\/Minima-1.jpg\" alt=\"\" class=\"wp-image-1303\" width=\"354\" height=\"354\" srcset=\"https:\/\/www.afandecor.es\/wp-content\/uploads\/2021\/05\/Minima-1.jpg 504w, https:\/\/www.afandecor.es\/wp-content\/uploads\/2021\/05\/Minima-1-300x300.jpg 300w, https:\/\/www.afandecor.es\/wp-content\/uploads\/2021\/05\/Minima-1-150x150.jpg 150w, https:\/\/www.afandecor.es\/wp-content\/uploads\/2021\/05\/Minima-1-146x146.jpg 146w, https:\/\/www.afandecor.es\/wp-content\/uploads\/2021\/05\/Minima-1-50x50.jpg 50w, https:\/\/www.afandecor.es\/wp-content\/uploads\/2021\/05\/Minima-1-75x75.jpg 75w, https:\/\/www.afandecor.es\/wp-content\/uploads\/2021\/05\/Minima-1-85x85.jpg 85w, https:\/\/www.afandecor.es\/wp-content\/uploads\/2021\/05\/Minima-1-80x80.jpg 80w\" sizes=\"auto, (max-width: 354px) 100vw, 354px\" \/><\/figure>\n<\/div>\n\n\n<p>We have a wide catalog of mosquito nets. Our commercial technicians are prepared to offer each client the mosquito net that best suits their needs, their home and their window.<\/p>\n\n\n\n<p>For example, we have mosquito nets with lateral, manual and configurable sliding that allows you to reverse the direction of sliding according to needs. We also have vertical mosquito nets, a commitment to innovation, simplicity and elegance. Designed to protect large dimensions, very resistant to external conditions and with the possibility of installing a motorized opening system by remote control. The great advantage of all these mosquito nets is their versatility since all of them are supplied custom-made according to the client&#039;s needs.<\/p>","protected":false},"excerpt":{"rendered":"<p>\u00a1Cada vez est\u00e1 m\u00e1s cerca el verano y el calor empieza a hacerse notar! Los d\u00edas son m\u00e1s largos, pasamos m\u00e1s tiempo en el exterior y\u2026<span class=\"excerpt-hellip\"> [\u2026]<\/span><\/p>\n","protected":false},"author":9,"featured_media":1301,"comment_status":"open","ping_status":"open","sticky":false,"template":"","format":"image","meta":{"footnotes":""},"categories":[20,19],"tags":[],"class_list":["post-1300","post","type-post","status-publish","format-image","has-post-thumbnail","hentry","category-reformas","category-ventanas","post_format-post-format-image"],"_links":{"self":[{"href":"https:\/\/www.afandecor.es\/en\/wp-json\/wp\/v2\/posts\/1300","targetHints":{"allow":["GET"]}}],"collection":[{"href":"https:\/\/www.afandecor.es\/en\/wp-json\/wp\/v2\/posts"}],"about":[{"href":"https:\/\/www.afandecor.es\/en\/wp-json\/wp\/v2\/types\/post"}],"author":[{"embeddable":true,"href":"https:\/\/www.afandecor.es\/en\/wp-json\/wp\/v2\/users\/9"}],"replies":[{"embeddable":true,"href":"https:\/\/www.afandecor.es\/en\/wp-json\/wp\/v2\/comments?post=1300"}],"version-history":[{"count":6,"href":"https:\/\/www.afandecor.es\/en\/wp-json\/wp\/v2\/posts\/1300\/revisions"}],"predecessor-version":[{"id":2262,"href":"https:\/\/www.afandecor.es\/en\/wp-json\/wp\/v2\/posts\/1300\/revisions\/2262"}],"wp:featuredmedia":[{"embeddable":true,"href":"https:\/\/www.afandecor.es\/en\/wp-json\/wp\/v2\/media\/1301"}],"wp:attachment":[{"href":"https:\/\/www.afandecor.es\/en\/wp-json\/wp\/v2\/media?parent=1300"}],"wp:term":[{"taxonomy":"category","embeddable":true,"href":"https:\/\/www.afandecor.es\/en\/wp-json\/wp\/v2\/categories?post=1300"},{"taxonomy":"post_tag","embeddable":true,"href":"https:\/\/www.afandecor.es\/en\/wp-json\/wp\/v2\/tags?post=1300"}],"curies":[{"name":"wp","href":"https:\/\/api.w.org\/{rel}","templated":true}]}}