{"id":1106,"date":"2020-02-28T11:48:41","date_gmt":"2020-02-28T11:48:41","guid":{"rendered":"https:\/\/www.afandecor.es\/?p=1106"},"modified":"2023-06-08T10:32:23","modified_gmt":"2023-06-08T10:32:23","slug":"fernando-fueron-meses-intensos-pero-merecio-la-pena-el-resultado-es-excepcional","status":"publish","type":"post","link":"https:\/\/www.afandecor.es\/en\/2020\/02\/28\/fernando-fueron-meses-intensos-pero-merecio-la-pena-el-resultado-es-excepcional\/","title":{"rendered":"<p style=\"text-align: center; font-size: 33px; line-height: 28px;\">Fernando: \u201cThey were intense months but it was worth it, the result is exceptional\u201d<\/p>"},"content":{"rendered":"<p>At Afandecor Group we continue working to <strong>build homes<\/strong>! Our renovation team <strong>Completely transformed this Majadahonda penthouse<\/strong> according to the client&#039;s tastes. The main objective was to carry out a new distribution of the space, creating <strong>unique areas with personality<\/strong>.<\/p>\n<p>Fernando, who met the company through the recommendation of friends, highlighted the team&#039;s attention: <em>\u201cBoth before, during and after the reform, the <strong>treatment has been exquisite<\/strong>. The entire team and especially Raquel, the technical architect who carried out the entire work, have offered me very good attention. <strong>Throughout the entire process we shared points of view, options, alternatives... and everything was very gratifying and interesting.<\/strong>\u201d<\/em>.<\/p>\n<p><img loading=\"lazy\" decoding=\"async\" class=\"size-medium wp-image-1086 aligncenter\" src=\"https:\/\/www.afandecor.es\/wp-content\/uploads\/2020\/02\/IMG_7004-300x225.jpg\" alt=\"\" width=\"300\" height=\"225\" srcset=\"https:\/\/www.afandecor.es\/wp-content\/uploads\/2020\/02\/IMG_7004-300x225.jpg 300w, https:\/\/www.afandecor.es\/wp-content\/uploads\/2020\/02\/IMG_7004-1024x768.jpg 1024w, https:\/\/www.afandecor.es\/wp-content\/uploads\/2020\/02\/IMG_7004-768x576.jpg 768w, https:\/\/www.afandecor.es\/wp-content\/uploads\/2020\/02\/IMG_7004-1536x1152.jpg 1536w, https:\/\/www.afandecor.es\/wp-content\/uploads\/2020\/02\/IMG_7004-2048x1536.jpg 2048w, https:\/\/www.afandecor.es\/wp-content\/uploads\/2020\/02\/IMG_7004-195x146.jpg 195w, https:\/\/www.afandecor.es\/wp-content\/uploads\/2020\/02\/IMG_7004-50x38.jpg 50w, https:\/\/www.afandecor.es\/wp-content\/uploads\/2020\/02\/IMG_7004-100x75.jpg 100w\" sizes=\"auto, (max-width: 300px) 100vw, 300px\" \/><\/p>\n<p>The renovation team carried out demolitions, reinforcement of the staircase structure and change of location, masonry work, electricity, plumbing, exterior and interior carpentry, heating, lighting... among others, to achieve <strong>the results seen in the images<\/strong>. The owner has evaluated the entire process with these words: <em>\u201cAll reforms are tedious, and even more so when they are comprehensive, but the final result is exceptional.<strong> They were intense months but it was worth it<\/strong>\u201d.<\/em><\/p>\n<p><img loading=\"lazy\" decoding=\"async\" class=\"size-medium wp-image-1089 aligncenter\" src=\"https:\/\/www.afandecor.es\/wp-content\/uploads\/2020\/02\/IMG_7044-300x225.jpg\" alt=\"\" width=\"300\" height=\"225\" srcset=\"https:\/\/www.afandecor.es\/wp-content\/uploads\/2020\/02\/IMG_7044-300x225.jpg 300w, https:\/\/www.afandecor.es\/wp-content\/uploads\/2020\/02\/IMG_7044-1024x768.jpg 1024w, https:\/\/www.afandecor.es\/wp-content\/uploads\/2020\/02\/IMG_7044-768x576.jpg 768w, https:\/\/www.afandecor.es\/wp-content\/uploads\/2020\/02\/IMG_7044-1536x1152.jpg 1536w, https:\/\/www.afandecor.es\/wp-content\/uploads\/2020\/02\/IMG_7044-2048x1536.jpg 2048w, https:\/\/www.afandecor.es\/wp-content\/uploads\/2020\/02\/IMG_7044-195x146.jpg 195w, https:\/\/www.afandecor.es\/wp-content\/uploads\/2020\/02\/IMG_7044-50x38.jpg 50w, https:\/\/www.afandecor.es\/wp-content\/uploads\/2020\/02\/IMG_7044-100x75.jpg 100w\" sizes=\"auto, (max-width: 300px) 100vw, 300px\" \/><\/p>\n<p>The new appearance of the home, which has an open-plan kitchen, an open dining room, two bedrooms with bathrooms and an attic adapted to daily life, <strong>combines elegance and modernity in each room<\/strong>. <em>&quot;I&#039;m very <strong>grateful for the attention and above all, for the final result<\/strong>. I highly value the closeness, the attention, the involvement, the capacity for resolution and adaptation, and the fact that there were no relevant incidents throughout the process.\u201d<\/em>, added the client.<\/p>\n<p>Fernando has acknowledged that he will recommend us to his acquaintances! Thank you very much for trusting Afandecor, <strong>Your satisfaction is our best guarantee of quality.<\/strong><\/p>","protected":false},"excerpt":{"rendered":"<p>\u00a1En Grupo Afandecor seguimos trabajando para construir hogares! Nuestro equipo de reformas transform\u00f3 integralmente este \u00e1tico de Majadahonda seg\u00fan las gustos del cliente. El objetivo principal<span class=\"excerpt-hellip\"> [\u2026]<\/span><\/p>\n","protected":false},"author":9,"featured_media":1090,"comment_status":"open","ping_status":"open","sticky":false,"template":"","format":"image","meta":{"footnotes":""},"categories":[20,19],"tags":[],"class_list":["post-1106","post","type-post","status-publish","format-image","has-post-thumbnail","hentry","category-reformas","category-ventanas","post_format-post-format-image"],"_links":{"self":[{"href":"https:\/\/www.afandecor.es\/en\/wp-json\/wp\/v2\/posts\/1106","targetHints":{"allow":["GET"]}}],"collection":[{"href":"https:\/\/www.afandecor.es\/en\/wp-json\/wp\/v2\/posts"}],"about":[{"href":"https:\/\/www.afandecor.es\/en\/wp-json\/wp\/v2\/types\/post"}],"author":[{"embeddable":true,"href":"https:\/\/www.afandecor.es\/en\/wp-json\/wp\/v2\/users\/9"}],"replies":[{"embeddable":true,"href":"https:\/\/www.afandecor.es\/en\/wp-json\/wp\/v2\/comments?post=1106"}],"version-history":[{"count":4,"href":"https:\/\/www.afandecor.es\/en\/wp-json\/wp\/v2\/posts\/1106\/revisions"}],"predecessor-version":[{"id":2271,"href":"https:\/\/www.afandecor.es\/en\/wp-json\/wp\/v2\/posts\/1106\/revisions\/2271"}],"wp:featuredmedia":[{"embeddable":true,"href":"https:\/\/www.afandecor.es\/en\/wp-json\/wp\/v2\/media\/1090"}],"wp:attachment":[{"href":"https:\/\/www.afandecor.es\/en\/wp-json\/wp\/v2\/media?parent=1106"}],"wp:term":[{"taxonomy":"category","embeddable":true,"href":"https:\/\/www.afandecor.es\/en\/wp-json\/wp\/v2\/categories?post=1106"},{"taxonomy":"post_tag","embeddable":true,"href":"https:\/\/www.afandecor.es\/en\/wp-json\/wp\/v2\/tags?post=1106"}],"curies":[{"name":"wp","href":"https:\/\/api.w.org\/{rel}","templated":true}]}}