{"id":1053,"date":"2019-09-06T14:11:26","date_gmt":"2019-09-06T14:11:26","guid":{"rendered":"https:\/\/www.afandecor.es\/?p=1053"},"modified":"2023-06-08T10:32:44","modified_gmt":"2023-06-08T10:32:44","slug":"viviendas-con-vistas-que-se-pueden-adaptar","status":"publish","type":"post","link":"https:\/\/www.afandecor.es\/en\/2019\/09\/06\/viviendas-con-vistas-que-se-pueden-adaptar\/","title":{"rendered":"<p style=\"text-align: center; font-size: 33px; line-height: 28px;\">Homes with views that can be adapted<\/p>"},"content":{"rendered":"<p>\u00a1<strong>Renovate an attic <\/strong>It&#039;s a great opportunity to win <strong>extra space<\/strong>! When it comes to executing a work and design of these characteristics, the Afandecor team has very <strong>present the tastes<\/strong> of each client, without losing perspective of the needs of this type of housing: <strong>spacious, pleasant and bright spaces<\/strong> that make you forget that you are in the center of a big city.<\/p>\n<p>There is a myth that says that <strong>Attics tend to be colder homes<\/strong> and exposed to more humidity than the rest of the floors. Our team of architects and technicians deny this belief, since they will propose the <strong>best solution to insulate your house<\/strong> with our <strong>windows and enclosure in aluminum and PVC<\/strong>.<\/p>\n<p>Another solution that we propose to improve thermal and acoustic insulation is to create <strong>false ceilings<\/strong>. In the long run you will notice the corresponding <strong>energy and economic savings<\/strong> that it entails, and you can hide the air conditioning and lighting installations inside, so that everything is in <strong>harmony with the environment<\/strong>.<\/p>\n<p>Another false belief about attics is that they have <strong>a lot of wasted space<\/strong> due to the structure that it sometimes presents: areas with lower ceilings due to the shape of the roof, areas of stairs or irregularities... You just have to be <strong>creative and see opportunities where they exist<\/strong>. Our team of designers and interior designers believe that staircase steps don&#039;t have to be just holes! They can be some <strong>great drawers<\/strong>. And what about the lower space in the living room? Here you could create a <strong>play area for your children. <\/strong><\/p>\n<p>Afandecor will study your case and propose various solutions such as <strong>cover part of the terrace and incorporate it into the living room or<\/strong>&nbsp;create one <strong>dual-use room<\/strong> depending on the time of year. Our team will not only focus on the interior, as they will propose a plan so that both the interior and exterior are blended.<\/p>\n<p>What are you waiting for to adapt and make a change in your attic? Trust Afandecor, <strong>the 96% our customers recommend us<\/strong>!<\/p>","protected":false},"excerpt":{"rendered":"<p>\u00a1Reformar un \u00e1tico es una gran oportunidad para ganar espacio extra! A la hora de ejecutar una obra y dise\u00f1o de estas caracter\u00edsticas, el equipo Afandecor<span class=\"excerpt-hellip\"> [\u2026]<\/span><\/p>\n","protected":false},"author":9,"featured_media":1054,"comment_status":"open","ping_status":"open","sticky":false,"template":"","format":"image","meta":{"footnotes":""},"categories":[20,19],"tags":[],"class_list":["post-1053","post","type-post","status-publish","format-image","has-post-thumbnail","hentry","category-reformas","category-ventanas","post_format-post-format-image"],"_links":{"self":[{"href":"https:\/\/www.afandecor.es\/en\/wp-json\/wp\/v2\/posts\/1053","targetHints":{"allow":["GET"]}}],"collection":[{"href":"https:\/\/www.afandecor.es\/en\/wp-json\/wp\/v2\/posts"}],"about":[{"href":"https:\/\/www.afandecor.es\/en\/wp-json\/wp\/v2\/types\/post"}],"author":[{"embeddable":true,"href":"https:\/\/www.afandecor.es\/en\/wp-json\/wp\/v2\/users\/9"}],"replies":[{"embeddable":true,"href":"https:\/\/www.afandecor.es\/en\/wp-json\/wp\/v2\/comments?post=1053"}],"version-history":[{"count":3,"href":"https:\/\/www.afandecor.es\/en\/wp-json\/wp\/v2\/posts\/1053\/revisions"}],"predecessor-version":[{"id":2274,"href":"https:\/\/www.afandecor.es\/en\/wp-json\/wp\/v2\/posts\/1053\/revisions\/2274"}],"wp:featuredmedia":[{"embeddable":true,"href":"https:\/\/www.afandecor.es\/en\/wp-json\/wp\/v2\/media\/1054"}],"wp:attachment":[{"href":"https:\/\/www.afandecor.es\/en\/wp-json\/wp\/v2\/media?parent=1053"}],"wp:term":[{"taxonomy":"category","embeddable":true,"href":"https:\/\/www.afandecor.es\/en\/wp-json\/wp\/v2\/categories?post=1053"},{"taxonomy":"post_tag","embeddable":true,"href":"https:\/\/www.afandecor.es\/en\/wp-json\/wp\/v2\/tags?post=1053"}],"curies":[{"name":"wp","href":"https:\/\/api.w.org\/{rel}","templated":true}]}}